{"id":11217,"date":"2026-05-02T19:53:23","date_gmt":"2026-05-02T19:53:23","guid":{"rendered":"https:\/\/bladnanews.com\/mbappe-becoming-a-burden-for-real-madrid-amid-crisis\/"},"modified":"2026-05-02T19:53:23","modified_gmt":"2026-05-02T19:53:23","slug":"mbappe-wordt-een-last-voor-real-madrid-te-midden-van-de-crisis","status":"publish","type":"post","link":"https:\/\/bladnanews.com\/nl\/mbappe-wordt-een-last-voor-real-madrid-te-midden-van-de-crisis\/","title":{"rendered":"Mbappe wordt een last voor Real Madrid te midden van crisis"},"content":{"rendered":"<p>De crisis bij Real Madrid verdiept zich, en Kylian Mbapp\u00e9 staat nu in het middelpunt van de storm. De Franse superster, aangetrokken met hoge verwachtingen, wordt als nooit tevoren in twijfel getrokken. Sommigen binnen de club zien hem nu eerder als een last dan als een oplossing.<\/p>\n<p>De cijfers vertellen een zorgwekkend verhaal. Sinds zijn komst naar Real Madrid in de zomer van 2024 heeft Mbapp\u00e9 12 doelpunten gescoord in 24 optredens. Voor de meeste spelers zou dat een solide rendement zijn. Maar voor een speler van zijn kaliber, en gezien de transfersom en salarissen, is het niet genoeg. Belangrijker nog, zijn prestaties in grote wedstrijden zijn onder de maat.<\/p>\n<p>De 2-0 nederlaag tegen Liverpool in de Champions League op dinsdagavond 27 november 2024 was een dieptepunt. Mbapp\u00e9 miste een strafschop die Madrid terug in de wedstrijd had kunnen brengen. Het was zijn tweede gemiste strafschop in een week, na een gemiste poging van elf meter tegen Getafe in La Liga op 24 november 2024. De misser in Anfield vatte zijn huidige vorm samen.<\/p>\n<p>Bronnen dicht bij de kleedkamer zeggen dat de frustratie groeit. Enkele senior spelers vinden dat Mbapp\u00e9 zich niet aanpast aan het systeem van het team. Hij wordt voornamelijk als centrale spits gebruikt, maar zijn beste werk bij Paris Saint-Germain kwam van de linkerflank. Carlo Ancelotti heeft geprobeerd hem tegemoet te komen, maar de balans van het team heeft eronder geleden.<\/p>\n<p>Vin\u00edcius J\u00fanior, die vorig seizoen floreerde op links, is in verschillende rollen geduwd. Jude Bellingham, de topscorer van vorig seizoen, is dieper komen spelen om ruimte te maken. Het resultaat is een onsamenhangende aanval die de vloeiendheid mist van het team dat vorig seizoen de Champions League won.<\/p>\n<p>Verdedigend zijn de problemen even duidelijk. Madrid heeft dit seizoen 18 doelpunten tegen gekregen in 14 La Liga-wedstrijden. In dezelfde fase vorig seizoen hadden ze slechts 11 tegendoelpunten. Het middenveld, ooit een sterk punt, wordt overlopen. Mbapp\u00e9's gebrek aan verdedigend werk is een factor, maar de problemen liggen dieper.<\/p>\n<p>Blessures hebben niet geholpen. \u00c9der Milit\u00e3o, David Alaba en Dani Carvajal zijn allemaal langdurig uitgeschakeld. Aur\u00e9lien Tchouam\u00e9ni is gedwongen om in de verdediging te spelen. De selectie is uitgedund en de druk op Ancelotti neemt toe.<\/p>\n<p>Desondanks benadrukken clubfunctionarissen dat ze achter Mbapp\u00e9 staan. In een verklaring die op 28 november 2024 werd uitgegeven, stond: \u201cKylian is een wereldklasse speler. Hij heeft tijd nodig om zich aan te passen. We hebben volledig vertrouwen in hem en in de coach.\u201d Maar achter de schermen is er bezorgdheid. Het bestuur verwachtte dat Mbapp\u00e9 direct zou presteren, niet dat hij zijn eerste maanden zou worstelen.<\/p>\n<p>Mbapp\u00e9 zelf ziet er gefrustreerd uit. Zijn lichaamstaal op het veld is slecht. Hij is gezien terwijl hij ruzie maakte met teamgenoten en zijn hoofd schudde na gemiste kansen. De glimlach die zijn presentatie in het Bernab\u00e9u op 16 juli 2024 kenmerkte, is verdwenen.<\/p>\n<p>Real Madrid staat voor een cruciale reeks wedstrijden. Ze reizen op 4 december 2024 naar Athletic Bilbao, en spelen vervolgens op 7 december 2024 tegen Girona. Daarna volgt op 10 december 2024 een Champions League-uitwedstrijd tegen Atalanta. Als de resultaten niet verbeteren, zullen de vragen alleen maar luider worden.<\/p>\n<p>Mbapp\u00e9 moest de speler zijn die Real Madrid een nieuw tijdperk in zou leiden. Op dit moment lijkt hij een speler die te veel gewicht draagt. De club die er trots op is met druk om te gaan, staat nu voor zijn grootste test in jaren. En hun sterrenaankoop staat in het middelpunt.<\/p>","protected":false},"excerpt":{"rendered":"<p>Real Madrid\u2019s crisis deepens, and Kylian Mbappe is now at the centre of the storm. The French superstar, brought in [&hellip;]<\/p>\n","protected":false},"author":3,"featured_media":11216,"comment_status":"","ping_status":"open","sticky":false,"template":"","format":"standard","meta":{"googlesitekit_rrm_CAow_uzEDA:productID":"","site-sidebar-layout":"default","site-content-layout":"","ast-site-content-layout":"default","site-content-style":"default","site-sidebar-style":"default","ast-global-header-display":"","ast-banner-title-visibility":"","ast-main-header-display":"","ast-hfb-above-header-display":"","ast-hfb-below-header-display":"","ast-hfb-mobile-header-display":"","site-post-title":"","ast-breadcrumbs-content":"","ast-featured-img":"","footer-sml-layout":"","ast-disable-related-posts":"","theme-transparent-header-meta":"","adv-header-id-meta":"","stick-header-meta":"","header-above-stick-meta":"","header-main-stick-meta":"","header-below-stick-meta":"","astra-migrate-meta-layouts":"default","ast-page-background-enabled":"default","ast-page-background-meta":{"desktop":{"background-color":"var(--ast-global-color-5)","background-image":"","background-repeat":"repeat","background-position":"center center","background-size":"auto","background-attachment":"scroll","background-type":"","background-media":"","overlay-type":"","overlay-color":"","overlay-opacity":"","overlay-gradient":""},"tablet":{"background-color":"","background-image":"","background-repeat":"repeat","background-position":"center center","background-size":"auto","background-attachment":"scroll","background-type":"","background-media":"","overlay-type":"","overlay-color":"","overlay-opacity":"","overlay-gradient":""},"mobile":{"background-color":"","background-image":"","background-repeat":"repeat","background-position":"center center","background-size":"auto","background-attachment":"scroll","background-type":"","background-media":"","overlay-type":"","overlay-color":"","overlay-opacity":"","overlay-gradient":""}},"ast-content-background-meta":{"desktop":{"background-color":"var(--ast-global-color-4)","background-image":"","background-repeat":"repeat","background-position":"center center","background-size":"auto","background-attachment":"scroll","background-type":"","background-media":"","overlay-type":"","overlay-color":"","overlay-opacity":"","overlay-gradient":""},"tablet":{"background-color":"var(--ast-global-color-4)","background-image":"","background-repeat":"repeat","background-position":"center center","background-size":"auto","background-attachment":"scroll","background-type":"","background-media":"","overlay-type":"","overlay-color":"","overlay-opacity":"","overlay-gradient":""},"mobile":{"background-color":"var(--ast-global-color-4)","background-image":"","background-repeat":"repeat","background-position":"center center","background-size":"auto","background-attachment":"scroll","background-type":"","background-media":"","overlay-type":"","overlay-color":"","overlay-opacity":"","overlay-gradient":""}},"footnotes":""},"categories":[20,1],"tags":[],"class_list":["post-11217","post","type-post","status-publish","format-standard","has-post-thumbnail","hentry","category-international","category-football-latest-news"],"yoast_head":"<!-- This site is optimized with the Yoast SEO Premium plugin v26.6 (Yoast SEO v27.5) - https:\/\/yoast.com\/product\/yoast-seo-premium-wordpress\/ -->\n<title>Mbappe becoming a burden for Real Madrid amid crisis - Bladna News<\/title>\n<meta name=\"robots\" content=\"index, follow, max-snippet:-1, max-image-preview:large, max-video-preview:-1\" \/>\n<link rel=\"canonical\" href=\"https:\/\/bladnanews.com\/nl\/mbappe-wordt-een-last-voor-real-madrid-te-midden-van-de-crisis\/\" \/>\n<meta property=\"og:locale\" content=\"nl_NL\" \/>\n<meta property=\"og:type\" content=\"article\" \/>\n<meta property=\"og:title\" content=\"Mbappe becoming a burden for Real Madrid amid crisis\" \/>\n<meta property=\"og:description\" content=\"Real Madrid\u2019s crisis deepens, and Kylian Mbappe is now at the centre of the storm. The French superstar, brought in [&hellip;]\" \/>\n<meta property=\"og:url\" content=\"https:\/\/bladnanews.com\/nl\/mbappe-wordt-een-last-voor-real-madrid-te-midden-van-de-crisis\/\" \/>\n<meta property=\"og:site_name\" content=\"Bladna News\" \/>\n<meta property=\"article:published_time\" content=\"2026-05-02T19:53:23+00:00\" \/>\n<meta property=\"og:image\" content=\"https:\/\/bladnanews.com\/wp-content\/uploads\/2025\/12\/freepik__bladna-newscom-moroccan-soccer-homepage-banner-mor__41838.png\" \/>\n\t<meta property=\"og:image:width\" content=\"1312\" \/>\n\t<meta property=\"og:image:height\" content=\"736\" \/>\n\t<meta property=\"og:image:type\" content=\"image\/png\" \/>\n<meta name=\"author\" content=\"Bladna News Staff\" \/>\n<meta name=\"twitter:card\" content=\"summary_large_image\" \/>\n<meta name=\"twitter:label1\" content=\"Geschreven door\" \/>\n\t<meta name=\"twitter:data1\" content=\"Bladna News Staff\" \/>\n\t<meta name=\"twitter:label2\" content=\"Geschatte leestijd\" \/>\n\t<meta name=\"twitter:data2\" content=\"3 minuten\" \/>\n<script type=\"application\/ld+json\" class=\"yoast-schema-graph\">{\"@context\":\"https:\\\/\\\/schema.org\",\"@graph\":[{\"@type\":\"Article\",\"@id\":\"https:\\\/\\\/bladnanews.com\\\/mbappe-becoming-a-burden-for-real-madrid-amid-crisis\\\/#article\",\"isPartOf\":{\"@id\":\"https:\\\/\\\/bladnanews.com\\\/mbappe-becoming-a-burden-for-real-madrid-amid-crisis\\\/\"},\"author\":{\"name\":\"Bladna News Staff\",\"@id\":\"https:\\\/\\\/mediumseagreen-eel-531711.hostingersite.com\\\/#\\\/schema\\\/person\\\/268e18a453ab080ebf76df6ef7845083\"},\"headline\":\"Mbappe becoming a burden for Real Madrid amid crisis\",\"datePublished\":\"2026-05-02T19:53:23+00:00\",\"mainEntityOfPage\":{\"@id\":\"https:\\\/\\\/bladnanews.com\\\/mbappe-becoming-a-burden-for-real-madrid-amid-crisis\\\/\"},\"wordCount\":546,\"publisher\":{\"@id\":\"https:\\\/\\\/mediumseagreen-eel-531711.hostingersite.com\\\/#organization\"},\"image\":{\"@id\":\"https:\\\/\\\/bladnanews.com\\\/mbappe-becoming-a-burden-for-real-madrid-amid-crisis\\\/#primaryimage\"},\"thumbnailUrl\":\"https:\\\/\\\/bladnanews.com\\\/wp-content\\\/uploads\\\/2026\\\/05\\\/GettyImages-2270954842.jpg.jpg\",\"articleSection\":[\"International\",\"Latest News\"],\"inLanguage\":\"nl-NL\",\"copyrightYear\":\"2026\",\"copyrightHolder\":{\"@id\":\"https:\\\/\\\/bladnanews.com\\\/nl\\\/#organization\"}},{\"@type\":\"WebPage\",\"@id\":\"https:\\\/\\\/bladnanews.com\\\/mbappe-becoming-a-burden-for-real-madrid-amid-crisis\\\/\",\"url\":\"https:\\\/\\\/bladnanews.com\\\/mbappe-becoming-a-burden-for-real-madrid-amid-crisis\\\/\",\"name\":\"Mbappe becoming a burden for Real Madrid amid crisis - Bladna News\",\"isPartOf\":{\"@id\":\"https:\\\/\\\/mediumseagreen-eel-531711.hostingersite.com\\\/#website\"},\"primaryImageOfPage\":{\"@id\":\"https:\\\/\\\/bladnanews.com\\\/mbappe-becoming-a-burden-for-real-madrid-amid-crisis\\\/#primaryimage\"},\"image\":{\"@id\":\"https:\\\/\\\/bladnanews.com\\\/mbappe-becoming-a-burden-for-real-madrid-amid-crisis\\\/#primaryimage\"},\"thumbnailUrl\":\"https:\\\/\\\/bladnanews.com\\\/wp-content\\\/uploads\\\/2026\\\/05\\\/GettyImages-2270954842.jpg.jpg\",\"datePublished\":\"2026-05-02T19:53:23+00:00\",\"breadcrumb\":{\"@id\":\"https:\\\/\\\/bladnanews.com\\\/mbappe-becoming-a-burden-for-real-madrid-amid-crisis\\\/#breadcrumb\"},\"inLanguage\":\"nl-NL\",\"potentialAction\":[{\"@type\":\"ReadAction\",\"target\":[\"https:\\\/\\\/bladnanews.com\\\/mbappe-becoming-a-burden-for-real-madrid-amid-crisis\\\/\"]}]},{\"@type\":\"ImageObject\",\"inLanguage\":\"nl-NL\",\"@id\":\"https:\\\/\\\/bladnanews.com\\\/mbappe-becoming-a-burden-for-real-madrid-amid-crisis\\\/#primaryimage\",\"url\":\"https:\\\/\\\/bladnanews.com\\\/wp-content\\\/uploads\\\/2026\\\/05\\\/GettyImages-2270954842.jpg.jpg\",\"contentUrl\":\"https:\\\/\\\/bladnanews.com\\\/wp-content\\\/uploads\\\/2026\\\/05\\\/GettyImages-2270954842.jpg.jpg\",\"width\":2448,\"height\":1377,\"caption\":\"Mbappe becoming a burden for Real Madrid amid crisis\"},{\"@type\":\"BreadcrumbList\",\"@id\":\"https:\\\/\\\/bladnanews.com\\\/mbappe-becoming-a-burden-for-real-madrid-amid-crisis\\\/#breadcrumb\",\"itemListElement\":[{\"@type\":\"ListItem\",\"position\":1,\"name\":\"Home\",\"item\":\"https:\\\/\\\/bladnanews.com\\\/\"},{\"@type\":\"ListItem\",\"position\":2,\"name\":\"Mbappe becoming a burden for Real Madrid amid crisis\"}]},{\"@type\":\"WebSite\",\"@id\":\"https:\\\/\\\/mediumseagreen-eel-531711.hostingersite.com\\\/#website\",\"url\":\"https:\\\/\\\/mediumseagreen-eel-531711.hostingersite.com\\\/\",\"name\":\"Bladna News - Morocco\",\"description\":\"Where Moroccan Football Meets the World\",\"publisher\":{\"@id\":\"https:\\\/\\\/mediumseagreen-eel-531711.hostingersite.com\\\/#organization\"},\"potentialAction\":[{\"@type\":\"SearchAction\",\"target\":{\"@type\":\"EntryPoint\",\"urlTemplate\":\"https:\\\/\\\/mediumseagreen-eel-531711.hostingersite.com\\\/?s={search_term_string}\"},\"query-input\":{\"@type\":\"PropertyValueSpecification\",\"valueRequired\":true,\"valueName\":\"search_term_string\"}}],\"inLanguage\":\"nl-NL\"},{\"@type\":\"Organization\",\"@id\":\"https:\\\/\\\/mediumseagreen-eel-531711.hostingersite.com\\\/#organization\",\"name\":\"Bladna News.com\",\"url\":\"https:\\\/\\\/mediumseagreen-eel-531711.hostingersite.com\\\/\",\"logo\":{\"@type\":\"ImageObject\",\"inLanguage\":\"nl-NL\",\"@id\":\"https:\\\/\\\/mediumseagreen-eel-531711.hostingersite.com\\\/#\\\/schema\\\/logo\\\/image\\\/\",\"url\":\"https:\\\/\\\/bladnanews.com\\\/wp-content\\\/uploads\\\/2025\\\/12\\\/logo-bladnanews-V2-web-black-red.png\",\"contentUrl\":\"https:\\\/\\\/bladnanews.com\\\/wp-content\\\/uploads\\\/2025\\\/12\\\/logo-bladnanews-V2-web-black-red.png\",\"width\":703,\"height\":287,\"caption\":\"Bladna News.com\"},\"image\":{\"@id\":\"https:\\\/\\\/mediumseagreen-eel-531711.hostingersite.com\\\/#\\\/schema\\\/logo\\\/image\\\/\"},\"email\":\"info@bladnanews.com\",\"legalName\":\"Bladna News\"},{\"@type\":\"Person\",\"@id\":\"https:\\\/\\\/mediumseagreen-eel-531711.hostingersite.com\\\/#\\\/schema\\\/person\\\/268e18a453ab080ebf76df6ef7845083\",\"name\":\"Bladna News Staff\",\"url\":\"https:\\\/\\\/bladnanews.com\\\/nl\\\/author\\\/bladna-news-staff\\\/\"}]}<\/script>\n<!-- \/ Yoast SEO Premium plugin. -->","yoast_head_json":{"title":"Mbappe wordt een last voor Real Madrid te midden van de crisis - Bladna News","robots":{"index":"index","follow":"follow","max-snippet":"max-snippet:-1","max-image-preview":"max-image-preview:large","max-video-preview":"max-video-preview:-1"},"canonical":"https:\/\/bladnanews.com\/nl\/mbappe-wordt-een-last-voor-real-madrid-te-midden-van-de-crisis\/","og_locale":"nl_NL","og_type":"article","og_title":"Mbappe becoming a burden for Real Madrid amid crisis","og_description":"Real Madrid\u2019s crisis deepens, and Kylian Mbappe is now at the centre of the storm. The French superstar, brought in [&hellip;]","og_url":"https:\/\/bladnanews.com\/nl\/mbappe-wordt-een-last-voor-real-madrid-te-midden-van-de-crisis\/","og_site_name":"Bladna News","article_published_time":"2026-05-02T19:53:23+00:00","og_image":[{"width":1312,"height":736,"url":"https:\/\/bladnanews.com\/wp-content\/uploads\/2025\/12\/freepik__bladna-newscom-moroccan-soccer-homepage-banner-mor__41838.png","type":"image\/png"}],"author":"Bladna News Staff","twitter_card":"summary_large_image","twitter_misc":{"Geschreven door":"Bladna News Staff","Geschatte leestijd":"3 minuten"},"schema":{"@context":"https:\/\/schema.org","@graph":[{"@type":"Article","@id":"https:\/\/bladnanews.com\/mbappe-becoming-a-burden-for-real-madrid-amid-crisis\/#article","isPartOf":{"@id":"https:\/\/bladnanews.com\/mbappe-becoming-a-burden-for-real-madrid-amid-crisis\/"},"author":{"name":"Bladna News Staff","@id":"https:\/\/mediumseagreen-eel-531711.hostingersite.com\/#\/schema\/person\/268e18a453ab080ebf76df6ef7845083"},"headline":"Mbappe becoming a burden for Real Madrid amid crisis","datePublished":"2026-05-02T19:53:23+00:00","mainEntityOfPage":{"@id":"https:\/\/bladnanews.com\/mbappe-becoming-a-burden-for-real-madrid-amid-crisis\/"},"wordCount":546,"publisher":{"@id":"https:\/\/mediumseagreen-eel-531711.hostingersite.com\/#organization"},"image":{"@id":"https:\/\/bladnanews.com\/mbappe-becoming-a-burden-for-real-madrid-amid-crisis\/#primaryimage"},"thumbnailUrl":"https:\/\/bladnanews.com\/wp-content\/uploads\/2026\/05\/GettyImages-2270954842.jpg.jpg","articleSection":["International","Latest News"],"inLanguage":"nl-NL","copyrightYear":"2026","copyrightHolder":{"@id":"https:\/\/bladnanews.com\/nl\/#organization"}},{"@type":"WebPage","@id":"https:\/\/bladnanews.com\/mbappe-becoming-a-burden-for-real-madrid-amid-crisis\/","url":"https:\/\/bladnanews.com\/mbappe-becoming-a-burden-for-real-madrid-amid-crisis\/","name":"Mbappe wordt een last voor Real Madrid te midden van de crisis - Bladna News","isPartOf":{"@id":"https:\/\/mediumseagreen-eel-531711.hostingersite.com\/#website"},"primaryImageOfPage":{"@id":"https:\/\/bladnanews.com\/mbappe-becoming-a-burden-for-real-madrid-amid-crisis\/#primaryimage"},"image":{"@id":"https:\/\/bladnanews.com\/mbappe-becoming-a-burden-for-real-madrid-amid-crisis\/#primaryimage"},"thumbnailUrl":"https:\/\/bladnanews.com\/wp-content\/uploads\/2026\/05\/GettyImages-2270954842.jpg.jpg","datePublished":"2026-05-02T19:53:23+00:00","breadcrumb":{"@id":"https:\/\/bladnanews.com\/mbappe-becoming-a-burden-for-real-madrid-amid-crisis\/#breadcrumb"},"inLanguage":"nl-NL","potentialAction":[{"@type":"ReadAction","target":["https:\/\/bladnanews.com\/mbappe-becoming-a-burden-for-real-madrid-amid-crisis\/"]}]},{"@type":"ImageObject","inLanguage":"nl-NL","@id":"https:\/\/bladnanews.com\/mbappe-becoming-a-burden-for-real-madrid-amid-crisis\/#primaryimage","url":"https:\/\/bladnanews.com\/wp-content\/uploads\/2026\/05\/GettyImages-2270954842.jpg.jpg","contentUrl":"https:\/\/bladnanews.com\/wp-content\/uploads\/2026\/05\/GettyImages-2270954842.jpg.jpg","width":2448,"height":1377,"caption":"Mbappe becoming a burden for Real Madrid amid crisis"},{"@type":"BreadcrumbList","@id":"https:\/\/bladnanews.com\/mbappe-becoming-a-burden-for-real-madrid-amid-crisis\/#breadcrumb","itemListElement":[{"@type":"ListItem","position":1,"name":"Home","item":"https:\/\/bladnanews.com\/"},{"@type":"ListItem","position":2,"name":"Mbappe becoming a burden for Real Madrid amid crisis"}]},{"@type":"WebSite","@id":"https:\/\/mediumseagreen-eel-531711.hostingersite.com\/#website","url":"https:\/\/mediumseagreen-eel-531711.hostingersite.com\/","name":"Bladna Nieuws - Marokko","description":"Waar Marokkaans voetbal de wereld ontmoet","publisher":{"@id":"https:\/\/mediumseagreen-eel-531711.hostingersite.com\/#organization"},"potentialAction":[{"@type":"SearchAction","target":{"@type":"EntryPoint","urlTemplate":"https:\/\/mediumseagreen-eel-531711.hostingersite.com\/?s={search_term_string}"},"query-input":{"@type":"PropertyValueSpecification","valueRequired":true,"valueName":"search_term_string"}}],"inLanguage":"nl-NL"},{"@type":"Organization","@id":"https:\/\/mediumseagreen-eel-531711.hostingersite.com\/#organization","name":"Bladna Nieuws.com","url":"https:\/\/mediumseagreen-eel-531711.hostingersite.com\/","logo":{"@type":"ImageObject","inLanguage":"nl-NL","@id":"https:\/\/mediumseagreen-eel-531711.hostingersite.com\/#\/schema\/logo\/image\/","url":"https:\/\/bladnanews.com\/wp-content\/uploads\/2025\/12\/logo-bladnanews-V2-web-black-red.png","contentUrl":"https:\/\/bladnanews.com\/wp-content\/uploads\/2025\/12\/logo-bladnanews-V2-web-black-red.png","width":703,"height":287,"caption":"Bladna News.com"},"image":{"@id":"https:\/\/mediumseagreen-eel-531711.hostingersite.com\/#\/schema\/logo\/image\/"},"email":"info@bladnanews.com","legalName":"Bladna News"},{"@type":"Person","@id":"https:\/\/mediumseagreen-eel-531711.hostingersite.com\/#\/schema\/person\/268e18a453ab080ebf76df6ef7845083","name":"Bladna Nieuwsredactie","url":"https:\/\/bladnanews.com\/nl\/author\/bladna-news-staff\/"}]}},"_links":{"self":[{"href":"https:\/\/bladnanews.com\/nl\/wp-json\/wp\/v2\/posts\/11217","targetHints":{"allow":["GET"]}}],"collection":[{"href":"https:\/\/bladnanews.com\/nl\/wp-json\/wp\/v2\/posts"}],"about":[{"href":"https:\/\/bladnanews.com\/nl\/wp-json\/wp\/v2\/types\/post"}],"author":[{"embeddable":true,"href":"https:\/\/bladnanews.com\/nl\/wp-json\/wp\/v2\/users\/3"}],"replies":[{"embeddable":true,"href":"https:\/\/bladnanews.com\/nl\/wp-json\/wp\/v2\/comments?post=11217"}],"version-history":[{"count":0,"href":"https:\/\/bladnanews.com\/nl\/wp-json\/wp\/v2\/posts\/11217\/revisions"}],"wp:featuredmedia":[{"embeddable":true,"href":"https:\/\/bladnanews.com\/nl\/wp-json\/wp\/v2\/media\/11216"}],"wp:attachment":[{"href":"https:\/\/bladnanews.com\/nl\/wp-json\/wp\/v2\/media?parent=11217"}],"wp:term":[{"taxonomy":"category","embeddable":true,"href":"https:\/\/bladnanews.com\/nl\/wp-json\/wp\/v2\/categories?post=11217"},{"taxonomy":"post_tag","embeddable":true,"href":"https:\/\/bladnanews.com\/nl\/wp-json\/wp\/v2\/tags?post=11217"}],"curies":[{"name":"wp","href":"https:\/\/api.w.org\/{rel}","templated":true}]}}