{"id":1440,"date":"2026-01-02T18:41:22","date_gmt":"2026-01-02T18:41:22","guid":{"rendered":"https:\/\/bladnanews.com\/%d8%a7%d9%84%d8%ac%d8%a7%d8%a8%d9%88%d9%86%d9%8a-%d8%a7%d9%84%d9%85%d8%ac%d8%a8%d8%b1%d9%8a-%d9%8a%d8%aa%d9%85%d9%86%d9%89-%d8%b9%d8%af%d9%85-%d8%a7%d8%ad%d8%aa%d8%b3%d8%a7%d8%a8-%d8%a7%d9%84%d8%ad\/"},"modified":"2026-01-02T18:41:22","modified_gmt":"2026-01-02T18:41:22","slug":"de-gabonese-gevangene-wenst-dat-de-straf-niet-wordt-berekend","status":"publish","type":"post","link":"https:\/\/bladnanews.com\/nl\/de-gabonese-gevangene-wenst-dat-de-straf-niet-wordt-berekend\/","title":{"rendered":"Al-Jabouni hoopt dat de scheidsrechter het doelpunt van Mali in de 85e minuut niet meetelt."},"content":{"rendered":"<p>De Gabonese international Ali Mjabri sprak over de fijne details die het aanstaande treffen met Mali kunnen beslissen, en benadrukte dat zijn ploeg tot het laatste fluitsignaal volledig geconcentreerd moet blijven.<\/p>\n<p>Mjabri zei dat hij hoopt dat de scheidsrechter \u201cniet in de 85e minuut fluit\u201d, een opmerking die gericht is op het hoog houden van de concentratie in de slotfase en het vermijden van die late situaties die een wedstrijd kunnen veranderen.<\/p>\n<p>In de aanloop naar het treffen met Mali onderstreepte de Gabonese middenvelder dat kleine momenten op dit niveau vaak het verschil maken, vooral in krappe wedstrijden waar \u00e9\u00e9n beslissing of \u00e9\u00e9n moment van verzwakking de uitslag kan doen omslaan.<\/p>\n<p>Hij wees ook op de noodzaak van discipline en kalmte, en legde uit dat de spelers de wedstrijd goed moeten beheren, als een eenheid moeten verdedigen en hun kansen moeten benutten wanneer die zich voordoen.<\/p>\n<p>Mjabri voegde eraan toe dat de groep zich bewust is van de uitdaging die Mali vormt, dat hij omschreef als een sterke tegenstander, en hield vol dat de aanpak van het team van de eerste tot de laatste minuut serieus moet zijn.<\/p>\n<p>De Gabonese international besloot door te herhalen dat de sleutel is om niet aan het eind af te haken, omdat de laatste minuten onverwachte wendingen kunnen brengen.<\/p>","protected":false},"excerpt":{"rendered":"<p>Gab\u00f3n international Ali Mjabri spoke about the fine details that could decide the upcoming clash against Mali, stressing that his [&hellip;]<\/p>\n","protected":false},"author":4,"featured_media":1439,"comment_status":"","ping_status":"open","sticky":false,"template":"","format":"standard","meta":{"googlesitekit_rrm_CAow_uzEDA:productID":"","site-sidebar-layout":"default","site-content-layout":"","ast-site-content-layout":"default","site-content-style":"default","site-sidebar-style":"default","ast-global-header-display":"","ast-banner-title-visibility":"","ast-main-header-display":"","ast-hfb-above-header-display":"","ast-hfb-below-header-display":"","ast-hfb-mobile-header-display":"","site-post-title":"","ast-breadcrumbs-content":"","ast-featured-img":"","footer-sml-layout":"","ast-disable-related-posts":"","theme-transparent-header-meta":"","adv-header-id-meta":"","stick-header-meta":"","header-above-stick-meta":"","header-main-stick-meta":"","header-below-stick-meta":"","astra-migrate-meta-layouts":"default","ast-page-background-enabled":"default","ast-page-background-meta":{"desktop":{"background-color":"var(--ast-global-color-5)","background-image":"","background-repeat":"repeat","background-position":"center center","background-size":"auto","background-attachment":"scroll","background-type":"","background-media":"","overlay-type":"","overlay-color":"","overlay-opacity":"","overlay-gradient":""},"tablet":{"background-color":"","background-image":"","background-repeat":"repeat","background-position":"center center","background-size":"auto","background-attachment":"scroll","background-type":"","background-media":"","overlay-type":"","overlay-color":"","overlay-opacity":"","overlay-gradient":""},"mobile":{"background-color":"","background-image":"","background-repeat":"repeat","background-position":"center center","background-size":"auto","background-attachment":"scroll","background-type":"","background-media":"","overlay-type":"","overlay-color":"","overlay-opacity":"","overlay-gradient":""}},"ast-content-background-meta":{"desktop":{"background-color":"var(--ast-global-color-4)","background-image":"","background-repeat":"repeat","background-position":"center center","background-size":"auto","background-attachment":"scroll","background-type":"","background-media":"","overlay-type":"","overlay-color":"","overlay-opacity":"","overlay-gradient":""},"tablet":{"background-color":"var(--ast-global-color-4)","background-image":"","background-repeat":"repeat","background-position":"center center","background-size":"auto","background-attachment":"scroll","background-type":"","background-media":"","overlay-type":"","overlay-color":"","overlay-opacity":"","overlay-gradient":""},"mobile":{"background-color":"var(--ast-global-color-4)","background-image":"","background-repeat":"repeat","background-position":"center center","background-size":"auto","background-attachment":"scroll","background-type":"","background-media":"","overlay-type":"","overlay-color":"","overlay-opacity":"","overlay-gradient":""}},"footnotes":""},"categories":[1,168],"tags":[],"class_list":["post-1440","post","type-post","status-publish","format-standard","has-post-thumbnail","hentry","category-football-latest-news","category-morocco-national-team"],"yoast_head":"<!-- This site is optimized with the Yoast SEO Premium plugin v26.6 (Yoast SEO v27.5) - https:\/\/yoast.com\/product\/yoast-seo-premium-wordpress\/ -->\n<title>\u0627\u0644\u062c\u0627\u0628\u0648\u0646\u064a \u0627\u0644\u0645\u062c\u0628\u0631\u064a \u064a\u062a\u0645\u0646\u0649 \u0639\u062f\u0645 \u0627\u062d\u062a\u0633\u0627\u0628 \u0627\u0644\u062d\u0643\u0645 \u0647\u062f\u0641 \u0645\u0627\u0644\u064a \u0641\u064a \u0627\u0644\u062f\u0642\u064a\u0642\u0629 85 - Bladna News<\/title>\n<meta name=\"robots\" content=\"index, follow, max-snippet:-1, max-image-preview:large, max-video-preview:-1\" \/>\n<link rel=\"canonical\" href=\"https:\/\/bladnanews.com\/nl\/de-gabonese-gevangene-wenst-dat-de-straf-niet-wordt-berekend\/\" \/>\n<meta property=\"og:locale\" content=\"nl_NL\" \/>\n<meta property=\"og:type\" content=\"article\" \/>\n<meta property=\"og:title\" content=\"\u0627\u0644\u062c\u0627\u0628\u0648\u0646\u064a \u0627\u0644\u0645\u062c\u0628\u0631\u064a \u064a\u062a\u0645\u0646\u0649 \u0639\u062f\u0645 \u0627\u062d\u062a\u0633\u0627\u0628 \u0627\u0644\u062d\u0643\u0645 \u0647\u062f\u0641 \u0645\u0627\u0644\u064a \u0641\u064a \u0627\u0644\u062f\u0642\u064a\u0642\u0629 85\" \/>\n<meta property=\"og:description\" content=\"Gab\u00f3n international Ali Mjabri spoke about the fine details that could decide the upcoming clash against Mali, stressing that his [&hellip;]\" \/>\n<meta property=\"og:url\" content=\"https:\/\/bladnanews.com\/nl\/de-gabonese-gevangene-wenst-dat-de-straf-niet-wordt-berekend\/\" \/>\n<meta property=\"og:site_name\" content=\"Bladna News\" \/>\n<meta property=\"article:published_time\" content=\"2026-01-02T18:41:22+00:00\" \/>\n<meta property=\"og:image\" content=\"https:\/\/bladnanews.com\/wp-content\/uploads\/2026\/01\/GettyImages-2252944967.jpg-scaled.jpg\" \/>\n\t<meta property=\"og:image:width\" content=\"2560\" \/>\n\t<meta property=\"og:image:height\" content=\"1440\" \/>\n\t<meta property=\"og:image:type\" content=\"image\/jpeg\" \/>\n<meta name=\"author\" content=\"Bladna Sports Desk\" \/>\n<meta name=\"twitter:card\" content=\"summary_large_image\" \/>\n<meta name=\"twitter:label1\" content=\"Geschreven door\" \/>\n\t<meta name=\"twitter:data1\" content=\"Bladna Sports Desk\" \/>\n\t<meta name=\"twitter:label2\" content=\"Geschatte leestijd\" \/>\n\t<meta name=\"twitter:data2\" content=\"1 minuut\" \/>\n<script type=\"application\/ld+json\" class=\"yoast-schema-graph\">{\"@context\":\"https:\\\/\\\/schema.org\",\"@graph\":[{\"@type\":\"Article\",\"@id\":\"https:\\\/\\\/bladnanews.com\\\/%d8%a7%d9%84%d8%ac%d8%a7%d8%a8%d9%88%d9%86%d9%8a-%d8%a7%d9%84%d9%85%d8%ac%d8%a8%d8%b1%d9%8a-%d9%8a%d8%aa%d9%85%d9%86%d9%89-%d8%b9%d8%af%d9%85-%d8%a7%d8%ad%d8%aa%d8%b3%d8%a7%d8%a8-%d8%a7%d9%84%d8%ad\\\/#article\",\"isPartOf\":{\"@id\":\"https:\\\/\\\/bladnanews.com\\\/%d8%a7%d9%84%d8%ac%d8%a7%d8%a8%d9%88%d9%86%d9%8a-%d8%a7%d9%84%d9%85%d8%ac%d8%a8%d8%b1%d9%8a-%d9%8a%d8%aa%d9%85%d9%86%d9%89-%d8%b9%d8%af%d9%85-%d8%a7%d8%ad%d8%aa%d8%b3%d8%a7%d8%a8-%d8%a7%d9%84%d8%ad\\\/\"},\"author\":{\"name\":\"Bladna Sports Desk\",\"@id\":\"https:\\\/\\\/mediumseagreen-eel-531711.hostingersite.com\\\/#\\\/schema\\\/person\\\/6712b38fabe810f7eb8d15ed30d90f1e\"},\"headline\":\"\u0627\u0644\u062c\u0627\u0628\u0648\u0646\u064a \u0627\u0644\u0645\u062c\u0628\u0631\u064a \u064a\u062a\u0645\u0646\u0649 \u0639\u062f\u0645 \u0627\u062d\u062a\u0633\u0627\u0628 \u0627\u0644\u062d\u0643\u0645 \u0647\u062f\u0641 \u0645\u0627\u0644\u064a \u0641\u064a \u0627\u0644\u062f\u0642\u064a\u0642\u0629 85\",\"datePublished\":\"2026-01-02T18:41:22+00:00\",\"mainEntityOfPage\":{\"@id\":\"https:\\\/\\\/bladnanews.com\\\/%d8%a7%d9%84%d8%ac%d8%a7%d8%a8%d9%88%d9%86%d9%8a-%d8%a7%d9%84%d9%85%d8%ac%d8%a8%d8%b1%d9%8a-%d9%8a%d8%aa%d9%85%d9%86%d9%89-%d8%b9%d8%af%d9%85-%d8%a7%d8%ad%d8%aa%d8%b3%d8%a7%d8%a8-%d8%a7%d9%84%d8%ad\\\/\"},\"wordCount\":194,\"publisher\":{\"@id\":\"https:\\\/\\\/mediumseagreen-eel-531711.hostingersite.com\\\/#organization\"},\"image\":{\"@id\":\"https:\\\/\\\/bladnanews.com\\\/%d8%a7%d9%84%d8%ac%d8%a7%d8%a8%d9%88%d9%86%d9%8a-%d8%a7%d9%84%d9%85%d8%ac%d8%a8%d8%b1%d9%8a-%d9%8a%d8%aa%d9%85%d9%86%d9%89-%d8%b9%d8%af%d9%85-%d8%a7%d8%ad%d8%aa%d8%b3%d8%a7%d8%a8-%d8%a7%d9%84%d8%ad\\\/#primaryimage\"},\"thumbnailUrl\":\"https:\\\/\\\/bladnanews.com\\\/wp-content\\\/uploads\\\/2026\\\/01\\\/GettyImages-2252944967.jpg.jpg\",\"articleSection\":[\"Latest News\",\"Morocco National Team\"],\"inLanguage\":\"nl-NL\",\"copyrightYear\":\"2026\",\"copyrightHolder\":{\"@id\":\"https:\\\/\\\/bladnanews.com\\\/nl\\\/#organization\"}},{\"@type\":\"WebPage\",\"@id\":\"https:\\\/\\\/bladnanews.com\\\/%d8%a7%d9%84%d8%ac%d8%a7%d8%a8%d9%88%d9%86%d9%8a-%d8%a7%d9%84%d9%85%d8%ac%d8%a8%d8%b1%d9%8a-%d9%8a%d8%aa%d9%85%d9%86%d9%89-%d8%b9%d8%af%d9%85-%d8%a7%d8%ad%d8%aa%d8%b3%d8%a7%d8%a8-%d8%a7%d9%84%d8%ad\\\/\",\"url\":\"https:\\\/\\\/bladnanews.com\\\/%d8%a7%d9%84%d8%ac%d8%a7%d8%a8%d9%88%d9%86%d9%8a-%d8%a7%d9%84%d9%85%d8%ac%d8%a8%d8%b1%d9%8a-%d9%8a%d8%aa%d9%85%d9%86%d9%89-%d8%b9%d8%af%d9%85-%d8%a7%d8%ad%d8%aa%d8%b3%d8%a7%d8%a8-%d8%a7%d9%84%d8%ad\\\/\",\"name\":\"\u0627\u0644\u062c\u0627\u0628\u0648\u0646\u064a \u0627\u0644\u0645\u062c\u0628\u0631\u064a \u064a\u062a\u0645\u0646\u0649 \u0639\u062f\u0645 \u0627\u062d\u062a\u0633\u0627\u0628 \u0627\u0644\u062d\u0643\u0645 \u0647\u062f\u0641 \u0645\u0627\u0644\u064a \u0641\u064a \u0627\u0644\u062f\u0642\u064a\u0642\u0629 85 - Bladna News\",\"isPartOf\":{\"@id\":\"https:\\\/\\\/mediumseagreen-eel-531711.hostingersite.com\\\/#website\"},\"primaryImageOfPage\":{\"@id\":\"https:\\\/\\\/bladnanews.com\\\/%d8%a7%d9%84%d8%ac%d8%a7%d8%a8%d9%88%d9%86%d9%8a-%d8%a7%d9%84%d9%85%d8%ac%d8%a8%d8%b1%d9%8a-%d9%8a%d8%aa%d9%85%d9%86%d9%89-%d8%b9%d8%af%d9%85-%d8%a7%d8%ad%d8%aa%d8%b3%d8%a7%d8%a8-%d8%a7%d9%84%d8%ad\\\/#primaryimage\"},\"image\":{\"@id\":\"https:\\\/\\\/bladnanews.com\\\/%d8%a7%d9%84%d8%ac%d8%a7%d8%a8%d9%88%d9%86%d9%8a-%d8%a7%d9%84%d9%85%d8%ac%d8%a8%d8%b1%d9%8a-%d9%8a%d8%aa%d9%85%d9%86%d9%89-%d8%b9%d8%af%d9%85-%d8%a7%d8%ad%d8%aa%d8%b3%d8%a7%d8%a8-%d8%a7%d9%84%d8%ad\\\/#primaryimage\"},\"thumbnailUrl\":\"https:\\\/\\\/bladnanews.com\\\/wp-content\\\/uploads\\\/2026\\\/01\\\/GettyImages-2252944967.jpg.jpg\",\"datePublished\":\"2026-01-02T18:41:22+00:00\",\"breadcrumb\":{\"@id\":\"https:\\\/\\\/bladnanews.com\\\/%d8%a7%d9%84%d8%ac%d8%a7%d8%a8%d9%88%d9%86%d9%8a-%d8%a7%d9%84%d9%85%d8%ac%d8%a8%d8%b1%d9%8a-%d9%8a%d8%aa%d9%85%d9%86%d9%89-%d8%b9%d8%af%d9%85-%d8%a7%d8%ad%d8%aa%d8%b3%d8%a7%d8%a8-%d8%a7%d9%84%d8%ad\\\/#breadcrumb\"},\"inLanguage\":\"nl-NL\",\"potentialAction\":[{\"@type\":\"ReadAction\",\"target\":[\"https:\\\/\\\/bladnanews.com\\\/%d8%a7%d9%84%d8%ac%d8%a7%d8%a8%d9%88%d9%86%d9%8a-%d8%a7%d9%84%d9%85%d8%ac%d8%a8%d8%b1%d9%8a-%d9%8a%d8%aa%d9%85%d9%86%d9%89-%d8%b9%d8%af%d9%85-%d8%a7%d8%ad%d8%aa%d8%b3%d8%a7%d8%a8-%d8%a7%d9%84%d8%ad\\\/\"]}]},{\"@type\":\"ImageObject\",\"inLanguage\":\"nl-NL\",\"@id\":\"https:\\\/\\\/bladnanews.com\\\/%d8%a7%d9%84%d8%ac%d8%a7%d8%a8%d9%88%d9%86%d9%8a-%d8%a7%d9%84%d9%85%d8%ac%d8%a8%d8%b1%d9%8a-%d9%8a%d8%aa%d9%85%d9%86%d9%89-%d8%b9%d8%af%d9%85-%d8%a7%d8%ad%d8%aa%d8%b3%d8%a7%d8%a8-%d8%a7%d9%84%d8%ad\\\/#primaryimage\",\"url\":\"https:\\\/\\\/bladnanews.com\\\/wp-content\\\/uploads\\\/2026\\\/01\\\/GettyImages-2252944967.jpg.jpg\",\"contentUrl\":\"https:\\\/\\\/bladnanews.com\\\/wp-content\\\/uploads\\\/2026\\\/01\\\/GettyImages-2252944967.jpg.jpg\",\"width\":2560,\"height\":1440,\"caption\":\"Tunisia's number 10 player, in a white kit with red accents, chases the ball during a match against Nigeria, wearing a determined expression.\"},{\"@type\":\"BreadcrumbList\",\"@id\":\"https:\\\/\\\/bladnanews.com\\\/%d8%a7%d9%84%d8%ac%d8%a7%d8%a8%d9%88%d9%86%d9%8a-%d8%a7%d9%84%d9%85%d8%ac%d8%a8%d8%b1%d9%8a-%d9%8a%d8%aa%d9%85%d9%86%d9%89-%d8%b9%d8%af%d9%85-%d8%a7%d8%ad%d8%aa%d8%b3%d8%a7%d8%a8-%d8%a7%d9%84%d8%ad\\\/#breadcrumb\",\"itemListElement\":[{\"@type\":\"ListItem\",\"position\":1,\"name\":\"Home\",\"item\":\"https:\\\/\\\/bladnanews.com\\\/\"},{\"@type\":\"ListItem\",\"position\":2,\"name\":\"\u0627\u0644\u062c\u0627\u0628\u0648\u0646\u064a \u0627\u0644\u0645\u062c\u0628\u0631\u064a \u064a\u062a\u0645\u0646\u0649 \u0639\u062f\u0645 \u0627\u062d\u062a\u0633\u0627\u0628 \u0627\u0644\u062d\u0643\u0645 \u0647\u062f\u0641 \u0645\u0627\u0644\u064a \u0641\u064a \u0627\u0644\u062f\u0642\u064a\u0642\u0629 85\"}]},{\"@type\":\"WebSite\",\"@id\":\"https:\\\/\\\/mediumseagreen-eel-531711.hostingersite.com\\\/#website\",\"url\":\"https:\\\/\\\/mediumseagreen-eel-531711.hostingersite.com\\\/\",\"name\":\"Bladna News - Morocco\",\"description\":\"Where Moroccan Football Meets the World\",\"publisher\":{\"@id\":\"https:\\\/\\\/mediumseagreen-eel-531711.hostingersite.com\\\/#organization\"},\"potentialAction\":[{\"@type\":\"SearchAction\",\"target\":{\"@type\":\"EntryPoint\",\"urlTemplate\":\"https:\\\/\\\/mediumseagreen-eel-531711.hostingersite.com\\\/?s={search_term_string}\"},\"query-input\":{\"@type\":\"PropertyValueSpecification\",\"valueRequired\":true,\"valueName\":\"search_term_string\"}}],\"inLanguage\":\"nl-NL\"},{\"@type\":\"Organization\",\"@id\":\"https:\\\/\\\/mediumseagreen-eel-531711.hostingersite.com\\\/#organization\",\"name\":\"Bladna News.com\",\"url\":\"https:\\\/\\\/mediumseagreen-eel-531711.hostingersite.com\\\/\",\"logo\":{\"@type\":\"ImageObject\",\"inLanguage\":\"nl-NL\",\"@id\":\"https:\\\/\\\/mediumseagreen-eel-531711.hostingersite.com\\\/#\\\/schema\\\/logo\\\/image\\\/\",\"url\":\"https:\\\/\\\/bladnanews.com\\\/wp-content\\\/uploads\\\/2025\\\/12\\\/logo-bladnanews-V2-web-black-red.png\",\"contentUrl\":\"https:\\\/\\\/bladnanews.com\\\/wp-content\\\/uploads\\\/2025\\\/12\\\/logo-bladnanews-V2-web-black-red.png\",\"width\":703,\"height\":287,\"caption\":\"Bladna News.com\"},\"image\":{\"@id\":\"https:\\\/\\\/mediumseagreen-eel-531711.hostingersite.com\\\/#\\\/schema\\\/logo\\\/image\\\/\"},\"email\":\"info@bladnanews.com\",\"legalName\":\"Bladna News\"},{\"@type\":\"Person\",\"@id\":\"https:\\\/\\\/mediumseagreen-eel-531711.hostingersite.com\\\/#\\\/schema\\\/person\\\/6712b38fabe810f7eb8d15ed30d90f1e\",\"name\":\"Bladna Sports Desk\",\"url\":\"https:\\\/\\\/bladnanews.com\\\/nl\\\/author\\\/bladna-sports-desk\\\/\"}]}<\/script>\n<!-- \/ Yoast SEO Premium plugin. -->","yoast_head_json":{"title":"Gabonese midfielder wishes referee had not awarded a penalty goal in the 85th minute - Bladna News","robots":{"index":"index","follow":"follow","max-snippet":"max-snippet:-1","max-image-preview":"max-image-preview:large","max-video-preview":"max-video-preview:-1"},"canonical":"https:\/\/bladnanews.com\/nl\/de-gabonese-gevangene-wenst-dat-de-straf-niet-wordt-berekend\/","og_locale":"nl_NL","og_type":"article","og_title":"\u0627\u0644\u062c\u0627\u0628\u0648\u0646\u064a \u0627\u0644\u0645\u062c\u0628\u0631\u064a \u064a\u062a\u0645\u0646\u0649 \u0639\u062f\u0645 \u0627\u062d\u062a\u0633\u0627\u0628 \u0627\u0644\u062d\u0643\u0645 \u0647\u062f\u0641 \u0645\u0627\u0644\u064a \u0641\u064a \u0627\u0644\u062f\u0642\u064a\u0642\u0629 85","og_description":"Gab\u00f3n international Ali Mjabri spoke about the fine details that could decide the upcoming clash against Mali, stressing that his [&hellip;]","og_url":"https:\/\/bladnanews.com\/nl\/de-gabonese-gevangene-wenst-dat-de-straf-niet-wordt-berekend\/","og_site_name":"Bladna News","article_published_time":"2026-01-02T18:41:22+00:00","og_image":[{"width":2560,"height":1440,"url":"https:\/\/bladnanews.com\/wp-content\/uploads\/2026\/01\/GettyImages-2252944967.jpg-scaled.jpg","type":"image\/jpeg"}],"author":"Bladna Sports Desk","twitter_card":"summary_large_image","twitter_misc":{"Geschreven door":"Bladna Sports Desk","Geschatte leestijd":"1 minuut"},"schema":{"@context":"https:\/\/schema.org","@graph":[{"@type":"Article","@id":"https:\/\/bladnanews.com\/%d8%a7%d9%84%d8%ac%d8%a7%d8%a8%d9%88%d9%86%d9%8a-%d8%a7%d9%84%d9%85%d8%ac%d8%a8%d8%b1%d9%8a-%d9%8a%d8%aa%d9%85%d9%86%d9%89-%d8%b9%d8%af%d9%85-%d8%a7%d8%ad%d8%aa%d8%b3%d8%a7%d8%a8-%d8%a7%d9%84%d8%ad\/#article","isPartOf":{"@id":"https:\/\/bladnanews.com\/%d8%a7%d9%84%d8%ac%d8%a7%d8%a8%d9%88%d9%86%d9%8a-%d8%a7%d9%84%d9%85%d8%ac%d8%a8%d8%b1%d9%8a-%d9%8a%d8%aa%d9%85%d9%86%d9%89-%d8%b9%d8%af%d9%85-%d8%a7%d8%ad%d8%aa%d8%b3%d8%a7%d8%a8-%d8%a7%d9%84%d8%ad\/"},"author":{"name":"Bladna Sports Desk","@id":"https:\/\/mediumseagreen-eel-531711.hostingersite.com\/#\/schema\/person\/6712b38fabe810f7eb8d15ed30d90f1e"},"headline":"\u0627\u0644\u062c\u0627\u0628\u0648\u0646\u064a \u0627\u0644\u0645\u062c\u0628\u0631\u064a \u064a\u062a\u0645\u0646\u0649 \u0639\u062f\u0645 \u0627\u062d\u062a\u0633\u0627\u0628 \u0627\u0644\u062d\u0643\u0645 \u0647\u062f\u0641 \u0645\u0627\u0644\u064a \u0641\u064a \u0627\u0644\u062f\u0642\u064a\u0642\u0629 85","datePublished":"2026-01-02T18:41:22+00:00","mainEntityOfPage":{"@id":"https:\/\/bladnanews.com\/%d8%a7%d9%84%d8%ac%d8%a7%d8%a8%d9%88%d9%86%d9%8a-%d8%a7%d9%84%d9%85%d8%ac%d8%a8%d8%b1%d9%8a-%d9%8a%d8%aa%d9%85%d9%86%d9%89-%d8%b9%d8%af%d9%85-%d8%a7%d8%ad%d8%aa%d8%b3%d8%a7%d8%a8-%d8%a7%d9%84%d8%ad\/"},"wordCount":194,"publisher":{"@id":"https:\/\/mediumseagreen-eel-531711.hostingersite.com\/#organization"},"image":{"@id":"https:\/\/bladnanews.com\/%d8%a7%d9%84%d8%ac%d8%a7%d8%a8%d9%88%d9%86%d9%8a-%d8%a7%d9%84%d9%85%d8%ac%d8%a8%d8%b1%d9%8a-%d9%8a%d8%aa%d9%85%d9%86%d9%89-%d8%b9%d8%af%d9%85-%d8%a7%d8%ad%d8%aa%d8%b3%d8%a7%d8%a8-%d8%a7%d9%84%d8%ad\/#primaryimage"},"thumbnailUrl":"https:\/\/bladnanews.com\/wp-content\/uploads\/2026\/01\/GettyImages-2252944967.jpg.jpg","articleSection":["Latest News","Morocco National Team"],"inLanguage":"nl-NL","copyrightYear":"2026","copyrightHolder":{"@id":"https:\/\/bladnanews.com\/nl\/#organization"}},{"@type":"WebPage","@id":"https:\/\/bladnanews.com\/%d8%a7%d9%84%d8%ac%d8%a7%d8%a8%d9%88%d9%86%d9%8a-%d8%a7%d9%84%d9%85%d8%ac%d8%a8%d8%b1%d9%8a-%d9%8a%d8%aa%d9%85%d9%86%d9%89-%d8%b9%d8%af%d9%85-%d8%a7%d8%ad%d8%aa%d8%b3%d8%a7%d8%a8-%d8%a7%d9%84%d8%ad\/","url":"https:\/\/bladnanews.com\/%d8%a7%d9%84%d8%ac%d8%a7%d8%a8%d9%88%d9%86%d9%8a-%d8%a7%d9%84%d9%85%d8%ac%d8%a8%d8%b1%d9%8a-%d9%8a%d8%aa%d9%85%d9%86%d9%89-%d8%b9%d8%af%d9%85-%d8%a7%d8%ad%d8%aa%d8%b3%d8%a7%d8%a8-%d8%a7%d9%84%d8%ad\/","name":"Gabonese midfielder wishes referee had not awarded a penalty goal in the 85th minute - Bladna News","isPartOf":{"@id":"https:\/\/mediumseagreen-eel-531711.hostingersite.com\/#website"},"primaryImageOfPage":{"@id":"https:\/\/bladnanews.com\/%d8%a7%d9%84%d8%ac%d8%a7%d8%a8%d9%88%d9%86%d9%8a-%d8%a7%d9%84%d9%85%d8%ac%d8%a8%d8%b1%d9%8a-%d9%8a%d8%aa%d9%85%d9%86%d9%89-%d8%b9%d8%af%d9%85-%d8%a7%d8%ad%d8%aa%d8%b3%d8%a7%d8%a8-%d8%a7%d9%84%d8%ad\/#primaryimage"},"image":{"@id":"https:\/\/bladnanews.com\/%d8%a7%d9%84%d8%ac%d8%a7%d8%a8%d9%88%d9%86%d9%8a-%d8%a7%d9%84%d9%85%d8%ac%d8%a8%d8%b1%d9%8a-%d9%8a%d8%aa%d9%85%d9%86%d9%89-%d8%b9%d8%af%d9%85-%d8%a7%d8%ad%d8%aa%d8%b3%d8%a7%d8%a8-%d8%a7%d9%84%d8%ad\/#primaryimage"},"thumbnailUrl":"https:\/\/bladnanews.com\/wp-content\/uploads\/2026\/01\/GettyImages-2252944967.jpg.jpg","datePublished":"2026-01-02T18:41:22+00:00","breadcrumb":{"@id":"https:\/\/bladnanews.com\/%d8%a7%d9%84%d8%ac%d8%a7%d8%a8%d9%88%d9%86%d9%8a-%d8%a7%d9%84%d9%85%d8%ac%d8%a8%d8%b1%d9%8a-%d9%8a%d8%aa%d9%85%d9%86%d9%89-%d8%b9%d8%af%d9%85-%d8%a7%d8%ad%d8%aa%d8%b3%d8%a7%d8%a8-%d8%a7%d9%84%d8%ad\/#breadcrumb"},"inLanguage":"nl-NL","potentialAction":[{"@type":"ReadAction","target":["https:\/\/bladnanews.com\/%d8%a7%d9%84%d8%ac%d8%a7%d8%a8%d9%88%d9%86%d9%8a-%d8%a7%d9%84%d9%85%d8%ac%d8%a8%d8%b1%d9%8a-%d9%8a%d8%aa%d9%85%d9%86%d9%89-%d8%b9%d8%af%d9%85-%d8%a7%d8%ad%d8%aa%d8%b3%d8%a7%d8%a8-%d8%a7%d9%84%d8%ad\/"]}]},{"@type":"ImageObject","inLanguage":"nl-NL","@id":"https:\/\/bladnanews.com\/%d8%a7%d9%84%d8%ac%d8%a7%d8%a8%d9%88%d9%86%d9%8a-%d8%a7%d9%84%d9%85%d8%ac%d8%a8%d8%b1%d9%8a-%d9%8a%d8%aa%d9%85%d9%86%d9%89-%d8%b9%d8%af%d9%85-%d8%a7%d8%ad%d8%aa%d8%b3%d8%a7%d8%a8-%d8%a7%d9%84%d8%ad\/#primaryimage","url":"https:\/\/bladnanews.com\/wp-content\/uploads\/2026\/01\/GettyImages-2252944967.jpg.jpg","contentUrl":"https:\/\/bladnanews.com\/wp-content\/uploads\/2026\/01\/GettyImages-2252944967.jpg.jpg","width":2560,"height":1440,"caption":"Tunisia's number 10 player, in a white kit with red accents, chases the ball during a match against Nigeria, wearing a determined expression."},{"@type":"BreadcrumbList","@id":"https:\/\/bladnanews.com\/%d8%a7%d9%84%d8%ac%d8%a7%d8%a8%d9%88%d9%86%d9%8a-%d8%a7%d9%84%d9%85%d8%ac%d8%a8%d8%b1%d9%8a-%d9%8a%d8%aa%d9%85%d9%86%d9%89-%d8%b9%d8%af%d9%85-%d8%a7%d8%ad%d8%aa%d8%b3%d8%a7%d8%a8-%d8%a7%d9%84%d8%ad\/#breadcrumb","itemListElement":[{"@type":"ListItem","position":1,"name":"Home","item":"https:\/\/bladnanews.com\/"},{"@type":"ListItem","position":2,"name":"\u0627\u0644\u062c\u0627\u0628\u0648\u0646\u064a \u0627\u0644\u0645\u062c\u0628\u0631\u064a \u064a\u062a\u0645\u0646\u0649 \u0639\u062f\u0645 \u0627\u062d\u062a\u0633\u0627\u0628 \u0627\u0644\u062d\u0643\u0645 \u0647\u062f\u0641 \u0645\u0627\u0644\u064a \u0641\u064a \u0627\u0644\u062f\u0642\u064a\u0642\u0629 85"}]},{"@type":"WebSite","@id":"https:\/\/mediumseagreen-eel-531711.hostingersite.com\/#website","url":"https:\/\/mediumseagreen-eel-531711.hostingersite.com\/","name":"Bladna Nieuws - Marokko","description":"Waar Marokkaans voetbal de wereld ontmoet","publisher":{"@id":"https:\/\/mediumseagreen-eel-531711.hostingersite.com\/#organization"},"potentialAction":[{"@type":"SearchAction","target":{"@type":"EntryPoint","urlTemplate":"https:\/\/mediumseagreen-eel-531711.hostingersite.com\/?s={search_term_string}"},"query-input":{"@type":"PropertyValueSpecification","valueRequired":true,"valueName":"search_term_string"}}],"inLanguage":"nl-NL"},{"@type":"Organization","@id":"https:\/\/mediumseagreen-eel-531711.hostingersite.com\/#organization","name":"Bladna Nieuws.com","url":"https:\/\/mediumseagreen-eel-531711.hostingersite.com\/","logo":{"@type":"ImageObject","inLanguage":"nl-NL","@id":"https:\/\/mediumseagreen-eel-531711.hostingersite.com\/#\/schema\/logo\/image\/","url":"https:\/\/bladnanews.com\/wp-content\/uploads\/2025\/12\/logo-bladnanews-V2-web-black-red.png","contentUrl":"https:\/\/bladnanews.com\/wp-content\/uploads\/2025\/12\/logo-bladnanews-V2-web-black-red.png","width":703,"height":287,"caption":"Bladna News.com"},"image":{"@id":"https:\/\/mediumseagreen-eel-531711.hostingersite.com\/#\/schema\/logo\/image\/"},"email":"info@bladnanews.com","legalName":"Bladna News"},{"@type":"Person","@id":"https:\/\/mediumseagreen-eel-531711.hostingersite.com\/#\/schema\/person\/6712b38fabe810f7eb8d15ed30d90f1e","name":"Bladna Sportredactie","url":"https:\/\/bladnanews.com\/nl\/author\/bladna-sports-desk\/"}]}},"_links":{"self":[{"href":"https:\/\/bladnanews.com\/nl\/wp-json\/wp\/v2\/posts\/1440","targetHints":{"allow":["GET"]}}],"collection":[{"href":"https:\/\/bladnanews.com\/nl\/wp-json\/wp\/v2\/posts"}],"about":[{"href":"https:\/\/bladnanews.com\/nl\/wp-json\/wp\/v2\/types\/post"}],"author":[{"embeddable":true,"href":"https:\/\/bladnanews.com\/nl\/wp-json\/wp\/v2\/users\/4"}],"replies":[{"embeddable":true,"href":"https:\/\/bladnanews.com\/nl\/wp-json\/wp\/v2\/comments?post=1440"}],"version-history":[{"count":0,"href":"https:\/\/bladnanews.com\/nl\/wp-json\/wp\/v2\/posts\/1440\/revisions"}],"wp:featuredmedia":[{"embeddable":true,"href":"https:\/\/bladnanews.com\/nl\/wp-json\/wp\/v2\/media\/1439"}],"wp:attachment":[{"href":"https:\/\/bladnanews.com\/nl\/wp-json\/wp\/v2\/media?parent=1440"}],"wp:term":[{"taxonomy":"category","embeddable":true,"href":"https:\/\/bladnanews.com\/nl\/wp-json\/wp\/v2\/categories?post=1440"},{"taxonomy":"post_tag","embeddable":true,"href":"https:\/\/bladnanews.com\/nl\/wp-json\/wp\/v2\/tags?post=1440"}],"curies":[{"name":"wp","href":"https:\/\/api.w.org\/{rel}","templated":true}]}}