{"id":1555,"date":"2026-01-03T10:00:00","date_gmt":"2026-01-03T10:00:00","guid":{"rendered":"https:\/\/bladnanews.com\/brahim-diaz-sets-historic-record-with-morocco-spain-envious\/"},"modified":"2026-01-03T10:00:00","modified_gmt":"2026-01-03T10:00:00","slug":"brahim-diaz-vestigt-historisch-record-met-marokko-spanje-jaloers","status":"publish","type":"post","link":"https:\/\/bladnanews.com\/nl\/brahim-diaz-vestigt-historisch-record-met-marokko-spanje-jaloers\/","title":{"rendered":"Brahim D\u00edaz vestigt historisch record met Marokko, Spanje jaloers"},"content":{"rendered":"<p>Brahim D\u00edaz heeft Marokkaans voetbalgeschiedenis geschreven door de eerste speler te worden die scoort voor Marokko bij zijn allereerste optreden. De aanvaller van Real Madrid trof het net bij zijn debuut en vestigde onmiddellijk een record dat breed is opgemerkt, waarbij Spanje nu met afgunst toekijkt.<\/p>\n<p>D\u00edaz heeft recentelijk besloten om Marokko te vertegenwoordigen in plaats van Spanje, hoewel hij op jeugdniveau voor Spanje had gespeeld en lang werd gezien als een mogelijke optie voor het seniorenteam. Die keuze is nu op de best mogelijke manier onderstreept, want zijn eerste wedstrijd in een Marokko-shirt leverde meteen een doelpunt en een plek in de recordboeken op.<\/p>\n<p>Wat aan het licht is gekomen, is dat geen enkele speler v\u00f3\u00f3r hem erin slaagde om voor Marokko te scoren bij zijn debuut. D\u00edaz wordt daarom de allereerste die dit doet, waardoor zijn start bij de Atlasleeuwen meteen historisch is.<\/p>\n<p>Het doelpunt doet ook de discussie in Spanje weer oplaaien, waar er spijt is dat een speler van zijn kaliber een ander nationaal team heeft gekozen. Nu D\u00edaz meteen indruk maakt voor Marokko, is het gevoel in Spanje dat een talent op precies het verkeerde moment is ontsnapt.<\/p>\n<p>Voor Marokko had het debuut van D\u00edaz bijna niet beter kunnen verlopen. Het recorddoelpunt bezorgt hem niet alleen een speciale plek in de geschiedenis van het nationale team, het voegt ook extra opwinding toe voor de volgende interlands, aangezien de selectie nu een bewezen wedstrijdwinnaar rijker is.<\/p>","protected":false},"excerpt":{"rendered":"<p>Brahim D\u00edaz has written Moroccan football history by becoming the first player to score for Morocco in his very first [&hellip;]<\/p>\n","protected":false},"author":4,"featured_media":1554,"comment_status":"","ping_status":"open","sticky":false,"template":"","format":"standard","meta":{"googlesitekit_rrm_CAow_uzEDA:productID":"","site-sidebar-layout":"default","site-content-layout":"","ast-site-content-layout":"default","site-content-style":"default","site-sidebar-style":"default","ast-global-header-display":"","ast-banner-title-visibility":"","ast-main-header-display":"","ast-hfb-above-header-display":"","ast-hfb-below-header-display":"","ast-hfb-mobile-header-display":"","site-post-title":"","ast-breadcrumbs-content":"","ast-featured-img":"","footer-sml-layout":"","ast-disable-related-posts":"","theme-transparent-header-meta":"","adv-header-id-meta":"","stick-header-meta":"","header-above-stick-meta":"","header-main-stick-meta":"","header-below-stick-meta":"","astra-migrate-meta-layouts":"default","ast-page-background-enabled":"default","ast-page-background-meta":{"desktop":{"background-color":"var(--ast-global-color-5)","background-image":"","background-repeat":"repeat","background-position":"center center","background-size":"auto","background-attachment":"scroll","background-type":"","background-media":"","overlay-type":"","overlay-color":"","overlay-opacity":"","overlay-gradient":""},"tablet":{"background-color":"","background-image":"","background-repeat":"repeat","background-position":"center center","background-size":"auto","background-attachment":"scroll","background-type":"","background-media":"","overlay-type":"","overlay-color":"","overlay-opacity":"","overlay-gradient":""},"mobile":{"background-color":"","background-image":"","background-repeat":"repeat","background-position":"center center","background-size":"auto","background-attachment":"scroll","background-type":"","background-media":"","overlay-type":"","overlay-color":"","overlay-opacity":"","overlay-gradient":""}},"ast-content-background-meta":{"desktop":{"background-color":"var(--ast-global-color-4)","background-image":"","background-repeat":"repeat","background-position":"center center","background-size":"auto","background-attachment":"scroll","background-type":"","background-media":"","overlay-type":"","overlay-color":"","overlay-opacity":"","overlay-gradient":""},"tablet":{"background-color":"var(--ast-global-color-4)","background-image":"","background-repeat":"repeat","background-position":"center center","background-size":"auto","background-attachment":"scroll","background-type":"","background-media":"","overlay-type":"","overlay-color":"","overlay-opacity":"","overlay-gradient":""},"mobile":{"background-color":"var(--ast-global-color-4)","background-image":"","background-repeat":"repeat","background-position":"center center","background-size":"auto","background-attachment":"scroll","background-type":"","background-media":"","overlay-type":"","overlay-color":"","overlay-opacity":"","overlay-gradient":""}},"footnotes":""},"categories":[1,168],"tags":[],"class_list":["post-1555","post","type-post","status-publish","format-standard","has-post-thumbnail","hentry","category-football-latest-news","category-morocco-national-team"],"yoast_head":"<!-- This site is optimized with the Yoast SEO Premium plugin v26.6 (Yoast SEO v27.5) - https:\/\/yoast.com\/product\/yoast-seo-premium-wordpress\/ -->\n<title>Brahim D\u00edaz sets historic record with Morocco, Spain envious - Bladna News<\/title>\n<meta name=\"robots\" content=\"index, follow, max-snippet:-1, max-image-preview:large, max-video-preview:-1\" \/>\n<link rel=\"canonical\" href=\"https:\/\/bladnanews.com\/nl\/brahim-diaz-vestigt-historisch-record-met-marokko-spanje-jaloers\/\" \/>\n<meta property=\"og:locale\" content=\"nl_NL\" \/>\n<meta property=\"og:type\" content=\"article\" \/>\n<meta property=\"og:title\" content=\"Brahim D\u00edaz sets historic record with Morocco, Spain envious\" \/>\n<meta property=\"og:description\" content=\"Brahim D\u00edaz has written Moroccan football history by becoming the first player to score for Morocco in his very first [&hellip;]\" \/>\n<meta property=\"og:url\" content=\"https:\/\/bladnanews.com\/nl\/brahim-diaz-vestigt-historisch-record-met-marokko-spanje-jaloers\/\" \/>\n<meta property=\"og:site_name\" content=\"Bladna News\" \/>\n<meta property=\"article:published_time\" content=\"2026-01-03T10:00:00+00:00\" \/>\n<meta property=\"og:image\" content=\"https:\/\/bladnanews.com\/wp-content\/uploads\/2026\/01\/brahim-diaz-marokkaans-elftal-afrika-cup-2025.webp\" \/>\n\t<meta property=\"og:image:width\" content=\"1200\" \/>\n\t<meta property=\"og:image:height\" content=\"750\" \/>\n\t<meta property=\"og:image:type\" content=\"image\/webp\" \/>\n<meta name=\"author\" content=\"Bladna Sports Desk\" \/>\n<meta name=\"twitter:card\" content=\"summary_large_image\" \/>\n<meta name=\"twitter:label1\" content=\"Geschreven door\" \/>\n\t<meta name=\"twitter:data1\" content=\"Bladna Sports Desk\" \/>\n\t<meta name=\"twitter:label2\" content=\"Geschatte leestijd\" \/>\n\t<meta name=\"twitter:data2\" content=\"1 minuut\" \/>\n<script type=\"application\/ld+json\" class=\"yoast-schema-graph\">{\"@context\":\"https:\\\/\\\/schema.org\",\"@graph\":[{\"@type\":\"Article\",\"@id\":\"https:\\\/\\\/bladnanews.com\\\/brahim-diaz-sets-historic-record-with-morocco-spain-envious\\\/#article\",\"isPartOf\":{\"@id\":\"https:\\\/\\\/bladnanews.com\\\/brahim-diaz-sets-historic-record-with-morocco-spain-envious\\\/\"},\"author\":{\"name\":\"Bladna Sports Desk\",\"@id\":\"https:\\\/\\\/mediumseagreen-eel-531711.hostingersite.com\\\/#\\\/schema\\\/person\\\/6712b38fabe810f7eb8d15ed30d90f1e\"},\"headline\":\"Brahim D\u00edaz sets historic record with Morocco, Spain envious\",\"datePublished\":\"2026-01-03T10:00:00+00:00\",\"mainEntityOfPage\":{\"@id\":\"https:\\\/\\\/bladnanews.com\\\/brahim-diaz-sets-historic-record-with-morocco-spain-envious\\\/\"},\"wordCount\":258,\"publisher\":{\"@id\":\"https:\\\/\\\/mediumseagreen-eel-531711.hostingersite.com\\\/#organization\"},\"image\":{\"@id\":\"https:\\\/\\\/bladnanews.com\\\/brahim-diaz-sets-historic-record-with-morocco-spain-envious\\\/#primaryimage\"},\"thumbnailUrl\":\"https:\\\/\\\/bladnanews.com\\\/wp-content\\\/uploads\\\/2026\\\/01\\\/brahim-diaz-marokkaans-elftal-afrika-cup-2025.webp\",\"articleSection\":[\"Latest News\",\"Morocco National Team\"],\"inLanguage\":\"nl-NL\",\"copyrightYear\":\"2026\",\"copyrightHolder\":{\"@id\":\"https:\\\/\\\/bladnanews.com\\\/nl\\\/#organization\"}},{\"@type\":\"WebPage\",\"@id\":\"https:\\\/\\\/bladnanews.com\\\/brahim-diaz-sets-historic-record-with-morocco-spain-envious\\\/\",\"url\":\"https:\\\/\\\/bladnanews.com\\\/brahim-diaz-sets-historic-record-with-morocco-spain-envious\\\/\",\"name\":\"Brahim D\u00edaz sets historic record with Morocco, Spain envious - Bladna News\",\"isPartOf\":{\"@id\":\"https:\\\/\\\/mediumseagreen-eel-531711.hostingersite.com\\\/#website\"},\"primaryImageOfPage\":{\"@id\":\"https:\\\/\\\/bladnanews.com\\\/brahim-diaz-sets-historic-record-with-morocco-spain-envious\\\/#primaryimage\"},\"image\":{\"@id\":\"https:\\\/\\\/bladnanews.com\\\/brahim-diaz-sets-historic-record-with-morocco-spain-envious\\\/#primaryimage\"},\"thumbnailUrl\":\"https:\\\/\\\/bladnanews.com\\\/wp-content\\\/uploads\\\/2026\\\/01\\\/brahim-diaz-marokkaans-elftal-afrika-cup-2025.webp\",\"datePublished\":\"2026-01-03T10:00:00+00:00\",\"breadcrumb\":{\"@id\":\"https:\\\/\\\/bladnanews.com\\\/brahim-diaz-sets-historic-record-with-morocco-spain-envious\\\/#breadcrumb\"},\"inLanguage\":\"nl-NL\",\"potentialAction\":[{\"@type\":\"ReadAction\",\"target\":[\"https:\\\/\\\/bladnanews.com\\\/brahim-diaz-sets-historic-record-with-morocco-spain-envious\\\/\"]}]},{\"@type\":\"ImageObject\",\"inLanguage\":\"nl-NL\",\"@id\":\"https:\\\/\\\/bladnanews.com\\\/brahim-diaz-sets-historic-record-with-morocco-spain-envious\\\/#primaryimage\",\"url\":\"https:\\\/\\\/bladnanews.com\\\/wp-content\\\/uploads\\\/2026\\\/01\\\/brahim-diaz-marokkaans-elftal-afrika-cup-2025.webp\",\"contentUrl\":\"https:\\\/\\\/bladnanews.com\\\/wp-content\\\/uploads\\\/2026\\\/01\\\/brahim-diaz-marokkaans-elftal-afrika-cup-2025.webp\",\"width\":1200,\"height\":750,\"caption\":\"Brahim Diaz celebrates with raised fists, wearing the Moroccan national team jersey featuring the number 10, amidst a vibrant stadium backdrop.\"},{\"@type\":\"BreadcrumbList\",\"@id\":\"https:\\\/\\\/bladnanews.com\\\/brahim-diaz-sets-historic-record-with-morocco-spain-envious\\\/#breadcrumb\",\"itemListElement\":[{\"@type\":\"ListItem\",\"position\":1,\"name\":\"Home\",\"item\":\"https:\\\/\\\/bladnanews.com\\\/\"},{\"@type\":\"ListItem\",\"position\":2,\"name\":\"Brahim D\u00edaz sets historic record with Morocco, Spain envious\"}]},{\"@type\":\"WebSite\",\"@id\":\"https:\\\/\\\/mediumseagreen-eel-531711.hostingersite.com\\\/#website\",\"url\":\"https:\\\/\\\/mediumseagreen-eel-531711.hostingersite.com\\\/\",\"name\":\"Bladna News - Morocco\",\"description\":\"Where Moroccan Football Meets the World\",\"publisher\":{\"@id\":\"https:\\\/\\\/mediumseagreen-eel-531711.hostingersite.com\\\/#organization\"},\"potentialAction\":[{\"@type\":\"SearchAction\",\"target\":{\"@type\":\"EntryPoint\",\"urlTemplate\":\"https:\\\/\\\/mediumseagreen-eel-531711.hostingersite.com\\\/?s={search_term_string}\"},\"query-input\":{\"@type\":\"PropertyValueSpecification\",\"valueRequired\":true,\"valueName\":\"search_term_string\"}}],\"inLanguage\":\"nl-NL\"},{\"@type\":\"Organization\",\"@id\":\"https:\\\/\\\/mediumseagreen-eel-531711.hostingersite.com\\\/#organization\",\"name\":\"Bladna News.com\",\"url\":\"https:\\\/\\\/mediumseagreen-eel-531711.hostingersite.com\\\/\",\"logo\":{\"@type\":\"ImageObject\",\"inLanguage\":\"nl-NL\",\"@id\":\"https:\\\/\\\/mediumseagreen-eel-531711.hostingersite.com\\\/#\\\/schema\\\/logo\\\/image\\\/\",\"url\":\"https:\\\/\\\/bladnanews.com\\\/wp-content\\\/uploads\\\/2025\\\/12\\\/logo-bladnanews-V2-web-black-red.png\",\"contentUrl\":\"https:\\\/\\\/bladnanews.com\\\/wp-content\\\/uploads\\\/2025\\\/12\\\/logo-bladnanews-V2-web-black-red.png\",\"width\":703,\"height\":287,\"caption\":\"Bladna News.com\"},\"image\":{\"@id\":\"https:\\\/\\\/mediumseagreen-eel-531711.hostingersite.com\\\/#\\\/schema\\\/logo\\\/image\\\/\"},\"email\":\"info@bladnanews.com\",\"legalName\":\"Bladna News\"},{\"@type\":\"Person\",\"@id\":\"https:\\\/\\\/mediumseagreen-eel-531711.hostingersite.com\\\/#\\\/schema\\\/person\\\/6712b38fabe810f7eb8d15ed30d90f1e\",\"name\":\"Bladna Sports Desk\",\"url\":\"https:\\\/\\\/bladnanews.com\\\/nl\\\/author\\\/bladna-sports-desk\\\/\"}]}<\/script>\n<!-- \/ Yoast SEO Premium plugin. -->","yoast_head_json":{"title":"Brahim D\u00edaz vestigt historisch record met Marokko, Spanje jaloers - Bladna News","robots":{"index":"index","follow":"follow","max-snippet":"max-snippet:-1","max-image-preview":"max-image-preview:large","max-video-preview":"max-video-preview:-1"},"canonical":"https:\/\/bladnanews.com\/nl\/brahim-diaz-vestigt-historisch-record-met-marokko-spanje-jaloers\/","og_locale":"nl_NL","og_type":"article","og_title":"Brahim D\u00edaz sets historic record with Morocco, Spain envious","og_description":"Brahim D\u00edaz has written Moroccan football history by becoming the first player to score for Morocco in his very first [&hellip;]","og_url":"https:\/\/bladnanews.com\/nl\/brahim-diaz-vestigt-historisch-record-met-marokko-spanje-jaloers\/","og_site_name":"Bladna News","article_published_time":"2026-01-03T10:00:00+00:00","og_image":[{"width":1200,"height":750,"url":"https:\/\/bladnanews.com\/wp-content\/uploads\/2026\/01\/brahim-diaz-marokkaans-elftal-afrika-cup-2025.webp","type":"image\/webp"}],"author":"Bladna Sports Desk","twitter_card":"summary_large_image","twitter_misc":{"Geschreven door":"Bladna Sports Desk","Geschatte leestijd":"1 minuut"},"schema":{"@context":"https:\/\/schema.org","@graph":[{"@type":"Article","@id":"https:\/\/bladnanews.com\/brahim-diaz-sets-historic-record-with-morocco-spain-envious\/#article","isPartOf":{"@id":"https:\/\/bladnanews.com\/brahim-diaz-sets-historic-record-with-morocco-spain-envious\/"},"author":{"name":"Bladna Sports Desk","@id":"https:\/\/mediumseagreen-eel-531711.hostingersite.com\/#\/schema\/person\/6712b38fabe810f7eb8d15ed30d90f1e"},"headline":"Brahim D\u00edaz sets historic record with Morocco, Spain envious","datePublished":"2026-01-03T10:00:00+00:00","mainEntityOfPage":{"@id":"https:\/\/bladnanews.com\/brahim-diaz-sets-historic-record-with-morocco-spain-envious\/"},"wordCount":258,"publisher":{"@id":"https:\/\/mediumseagreen-eel-531711.hostingersite.com\/#organization"},"image":{"@id":"https:\/\/bladnanews.com\/brahim-diaz-sets-historic-record-with-morocco-spain-envious\/#primaryimage"},"thumbnailUrl":"https:\/\/bladnanews.com\/wp-content\/uploads\/2026\/01\/brahim-diaz-marokkaans-elftal-afrika-cup-2025.webp","articleSection":["Latest News","Morocco National Team"],"inLanguage":"nl-NL","copyrightYear":"2026","copyrightHolder":{"@id":"https:\/\/bladnanews.com\/nl\/#organization"}},{"@type":"WebPage","@id":"https:\/\/bladnanews.com\/brahim-diaz-sets-historic-record-with-morocco-spain-envious\/","url":"https:\/\/bladnanews.com\/brahim-diaz-sets-historic-record-with-morocco-spain-envious\/","name":"Brahim D\u00edaz vestigt historisch record met Marokko, Spanje jaloers - Bladna News","isPartOf":{"@id":"https:\/\/mediumseagreen-eel-531711.hostingersite.com\/#website"},"primaryImageOfPage":{"@id":"https:\/\/bladnanews.com\/brahim-diaz-sets-historic-record-with-morocco-spain-envious\/#primaryimage"},"image":{"@id":"https:\/\/bladnanews.com\/brahim-diaz-sets-historic-record-with-morocco-spain-envious\/#primaryimage"},"thumbnailUrl":"https:\/\/bladnanews.com\/wp-content\/uploads\/2026\/01\/brahim-diaz-marokkaans-elftal-afrika-cup-2025.webp","datePublished":"2026-01-03T10:00:00+00:00","breadcrumb":{"@id":"https:\/\/bladnanews.com\/brahim-diaz-sets-historic-record-with-morocco-spain-envious\/#breadcrumb"},"inLanguage":"nl-NL","potentialAction":[{"@type":"ReadAction","target":["https:\/\/bladnanews.com\/brahim-diaz-sets-historic-record-with-morocco-spain-envious\/"]}]},{"@type":"ImageObject","inLanguage":"nl-NL","@id":"https:\/\/bladnanews.com\/brahim-diaz-sets-historic-record-with-morocco-spain-envious\/#primaryimage","url":"https:\/\/bladnanews.com\/wp-content\/uploads\/2026\/01\/brahim-diaz-marokkaans-elftal-afrika-cup-2025.webp","contentUrl":"https:\/\/bladnanews.com\/wp-content\/uploads\/2026\/01\/brahim-diaz-marokkaans-elftal-afrika-cup-2025.webp","width":1200,"height":750,"caption":"Brahim Diaz celebrates with raised fists, wearing the Moroccan national team jersey featuring the number 10, amidst a vibrant stadium backdrop."},{"@type":"BreadcrumbList","@id":"https:\/\/bladnanews.com\/brahim-diaz-sets-historic-record-with-morocco-spain-envious\/#breadcrumb","itemListElement":[{"@type":"ListItem","position":1,"name":"Home","item":"https:\/\/bladnanews.com\/"},{"@type":"ListItem","position":2,"name":"Brahim D\u00edaz sets historic record with Morocco, Spain envious"}]},{"@type":"WebSite","@id":"https:\/\/mediumseagreen-eel-531711.hostingersite.com\/#website","url":"https:\/\/mediumseagreen-eel-531711.hostingersite.com\/","name":"Bladna Nieuws - Marokko","description":"Waar Marokkaans voetbal de wereld ontmoet","publisher":{"@id":"https:\/\/mediumseagreen-eel-531711.hostingersite.com\/#organization"},"potentialAction":[{"@type":"SearchAction","target":{"@type":"EntryPoint","urlTemplate":"https:\/\/mediumseagreen-eel-531711.hostingersite.com\/?s={search_term_string}"},"query-input":{"@type":"PropertyValueSpecification","valueRequired":true,"valueName":"search_term_string"}}],"inLanguage":"nl-NL"},{"@type":"Organization","@id":"https:\/\/mediumseagreen-eel-531711.hostingersite.com\/#organization","name":"Bladna Nieuws.com","url":"https:\/\/mediumseagreen-eel-531711.hostingersite.com\/","logo":{"@type":"ImageObject","inLanguage":"nl-NL","@id":"https:\/\/mediumseagreen-eel-531711.hostingersite.com\/#\/schema\/logo\/image\/","url":"https:\/\/bladnanews.com\/wp-content\/uploads\/2025\/12\/logo-bladnanews-V2-web-black-red.png","contentUrl":"https:\/\/bladnanews.com\/wp-content\/uploads\/2025\/12\/logo-bladnanews-V2-web-black-red.png","width":703,"height":287,"caption":"Bladna News.com"},"image":{"@id":"https:\/\/mediumseagreen-eel-531711.hostingersite.com\/#\/schema\/logo\/image\/"},"email":"info@bladnanews.com","legalName":"Bladna News"},{"@type":"Person","@id":"https:\/\/mediumseagreen-eel-531711.hostingersite.com\/#\/schema\/person\/6712b38fabe810f7eb8d15ed30d90f1e","name":"Bladna Sportredactie","url":"https:\/\/bladnanews.com\/nl\/author\/bladna-sports-desk\/"}]}},"_links":{"self":[{"href":"https:\/\/bladnanews.com\/nl\/wp-json\/wp\/v2\/posts\/1555","targetHints":{"allow":["GET"]}}],"collection":[{"href":"https:\/\/bladnanews.com\/nl\/wp-json\/wp\/v2\/posts"}],"about":[{"href":"https:\/\/bladnanews.com\/nl\/wp-json\/wp\/v2\/types\/post"}],"author":[{"embeddable":true,"href":"https:\/\/bladnanews.com\/nl\/wp-json\/wp\/v2\/users\/4"}],"replies":[{"embeddable":true,"href":"https:\/\/bladnanews.com\/nl\/wp-json\/wp\/v2\/comments?post=1555"}],"version-history":[{"count":0,"href":"https:\/\/bladnanews.com\/nl\/wp-json\/wp\/v2\/posts\/1555\/revisions"}],"wp:featuredmedia":[{"embeddable":true,"href":"https:\/\/bladnanews.com\/nl\/wp-json\/wp\/v2\/media\/1554"}],"wp:attachment":[{"href":"https:\/\/bladnanews.com\/nl\/wp-json\/wp\/v2\/media?parent=1555"}],"wp:term":[{"taxonomy":"category","embeddable":true,"href":"https:\/\/bladnanews.com\/nl\/wp-json\/wp\/v2\/categories?post=1555"},{"taxonomy":"post_tag","embeddable":true,"href":"https:\/\/bladnanews.com\/nl\/wp-json\/wp\/v2\/tags?post=1555"}],"curies":[{"name":"wp","href":"https:\/\/api.w.org\/{rel}","templated":true}]}}