{"id":1614,"date":"2026-01-03T16:39:00","date_gmt":"2026-01-03T16:39:00","guid":{"rendered":"https:\/\/bladnanews.com\/gerard-pique-launches-2026-kings-world-cup-nations-in-brazil\/"},"modified":"2026-01-03T16:39:00","modified_gmt":"2026-01-03T16:39:00","slug":"gerard-pique-lanceert-de-2026-kings-world-cup-naties-in-brazilie","status":"publish","type":"post","link":"https:\/\/bladnanews.com\/nl\/gerard-pique-lanceert-de-2026-kings-world-cup-naties-in-brazilie\/","title":{"rendered":"Gerard Pique lanceert 2026 Kings World Cup Nations in Brazili\u00eb"},"content":{"rendered":"<p>Gerard Piqu\u00e9 heeft bevestigd dat de volgende editie van de Kings World Cup Nations in 2026 in Brazili\u00eb zal plaatsvinden, terwijl de voormalige verdediger van Barcelona het snelgroeiende Kings League-project blijft uitbreiden.<\/p>\n<p>De aankondiging onthulde dat Brazili\u00eb het internationale toernooi zal hosten, dat nationale teams samenbrengt onder het Kings League-formaat. Piqu\u00e9 lanceerde de competitie om het zeven-tegen-zeven, entertainmentgerichte concept naar een wereldwijd podium te brengen, na de eerste Kings World Cup Nations.<\/p>\n<p>De Kings League, opgericht door Piqu\u00e9, heeft aandacht gekregen voor de mix van voetbal en showstijlregels, inclusief speciale kaarten en wendingen die wedstrijden snel kunnen veranderen. Het Nations-evenement volgt hetzelfde idee, met selecties die landen vertegenwoordigen in plaats van clubs.<\/p>\n<p>Door het toernooi van 2026 naar Brazili\u00eb te brengen, verplaatst Piqu\u00e9 de competitie naar een van de grootste markten in het voetbal. De beslissing is gericht op het voortbouwen op de momentum die al is gecre\u00eberd door de Kings League en zijn internationale spin-offs, terwijl de volgende Nations-editie naar een land wordt gebracht dat bekend staat om zijn passie voor de sport.<\/p>\n<p>Meer details over het formaat en de planning voor de Kings World Cup Nations 2026 in Brazili\u00eb worden verwacht naarmate de plannen voor het toernooi zich blijven ontwikkelen.<\/p>","protected":false},"excerpt":{"rendered":"<p>Gerard Piqu\u00e9 has confirmed that the next edition of the Kings World Cup Nations will be held in Brazil in [&hellip;]<\/p>\n","protected":false},"author":3,"featured_media":1613,"comment_status":"","ping_status":"open","sticky":false,"template":"","format":"standard","meta":{"googlesitekit_rrm_CAow_uzEDA:productID":"","site-sidebar-layout":"default","site-content-layout":"","ast-site-content-layout":"default","site-content-style":"default","site-sidebar-style":"default","ast-global-header-display":"","ast-banner-title-visibility":"","ast-main-header-display":"","ast-hfb-above-header-display":"","ast-hfb-below-header-display":"","ast-hfb-mobile-header-display":"","site-post-title":"","ast-breadcrumbs-content":"","ast-featured-img":"","footer-sml-layout":"","ast-disable-related-posts":"","theme-transparent-header-meta":"","adv-header-id-meta":"","stick-header-meta":"","header-above-stick-meta":"","header-main-stick-meta":"","header-below-stick-meta":"","astra-migrate-meta-layouts":"default","ast-page-background-enabled":"default","ast-page-background-meta":{"desktop":{"background-color":"var(--ast-global-color-5)","background-image":"","background-repeat":"repeat","background-position":"center center","background-size":"auto","background-attachment":"scroll","background-type":"","background-media":"","overlay-type":"","overlay-color":"","overlay-opacity":"","overlay-gradient":""},"tablet":{"background-color":"","background-image":"","background-repeat":"repeat","background-position":"center center","background-size":"auto","background-attachment":"scroll","background-type":"","background-media":"","overlay-type":"","overlay-color":"","overlay-opacity":"","overlay-gradient":""},"mobile":{"background-color":"","background-image":"","background-repeat":"repeat","background-position":"center center","background-size":"auto","background-attachment":"scroll","background-type":"","background-media":"","overlay-type":"","overlay-color":"","overlay-opacity":"","overlay-gradient":""}},"ast-content-background-meta":{"desktop":{"background-color":"var(--ast-global-color-4)","background-image":"","background-repeat":"repeat","background-position":"center center","background-size":"auto","background-attachment":"scroll","background-type":"","background-media":"","overlay-type":"","overlay-color":"","overlay-opacity":"","overlay-gradient":""},"tablet":{"background-color":"var(--ast-global-color-4)","background-image":"","background-repeat":"repeat","background-position":"center center","background-size":"auto","background-attachment":"scroll","background-type":"","background-media":"","overlay-type":"","overlay-color":"","overlay-opacity":"","overlay-gradient":""},"mobile":{"background-color":"var(--ast-global-color-4)","background-image":"","background-repeat":"repeat","background-position":"center center","background-size":"auto","background-attachment":"scroll","background-type":"","background-media":"","overlay-type":"","overlay-color":"","overlay-opacity":"","overlay-gradient":""}},"footnotes":""},"categories":[20,1],"tags":[],"class_list":["post-1614","post","type-post","status-publish","format-standard","has-post-thumbnail","hentry","category-international","category-football-latest-news"],"yoast_head":"<!-- This site is optimized with the Yoast SEO Premium plugin v26.6 (Yoast SEO v27.5) - https:\/\/yoast.com\/product\/yoast-seo-premium-wordpress\/ -->\n<title>Gerard Pique launches 2026 Kings World Cup Nations in Brazil - Bladna News<\/title>\n<meta name=\"robots\" content=\"index, follow, max-snippet:-1, max-image-preview:large, max-video-preview:-1\" \/>\n<link rel=\"canonical\" href=\"https:\/\/bladnanews.com\/nl\/gerard-pique-lanceert-de-2026-kings-world-cup-naties-in-brazilie\/\" \/>\n<meta property=\"og:locale\" content=\"nl_NL\" \/>\n<meta property=\"og:type\" content=\"article\" \/>\n<meta property=\"og:title\" content=\"Gerard Pique launches 2026 Kings World Cup Nations in Brazil\" \/>\n<meta property=\"og:description\" content=\"Gerard Piqu\u00e9 has confirmed that the next edition of the Kings World Cup Nations will be held in Brazil in [&hellip;]\" \/>\n<meta property=\"og:url\" content=\"https:\/\/bladnanews.com\/nl\/gerard-pique-lanceert-de-2026-kings-world-cup-naties-in-brazilie\/\" \/>\n<meta property=\"og:site_name\" content=\"Bladna News\" \/>\n<meta property=\"article:published_time\" content=\"2026-01-03T16:39:00+00:00\" \/>\n<meta property=\"og:image\" content=\"https:\/\/bladnanews.com\/wp-content\/uploads\/2026\/01\/BladnaNews-Gerard-Pique-launches-2026-Kings-World-Cup-Nations-in-Brazil-2026-01-03T175121.461Z.jpg\" \/>\n\t<meta property=\"og:image:width\" content=\"2560\" \/>\n\t<meta property=\"og:image:height\" content=\"1440\" \/>\n\t<meta property=\"og:image:type\" content=\"image\/jpeg\" \/>\n<meta name=\"author\" content=\"Bladna News Staff\" \/>\n<meta name=\"twitter:card\" content=\"summary_large_image\" \/>\n<meta name=\"twitter:label1\" content=\"Geschreven door\" \/>\n\t<meta name=\"twitter:data1\" content=\"Bladna News Staff\" \/>\n\t<meta name=\"twitter:label2\" content=\"Geschatte leestijd\" \/>\n\t<meta name=\"twitter:data2\" content=\"1 minuut\" \/>\n<script type=\"application\/ld+json\" class=\"yoast-schema-graph\">{\"@context\":\"https:\\\/\\\/schema.org\",\"@graph\":[{\"@type\":\"Article\",\"@id\":\"https:\\\/\\\/bladnanews.com\\\/nl\\\/gerard-pique-lanceert-de-2026-kings-world-cup-naties-in-brazilie\\\/#article\",\"isPartOf\":{\"@id\":\"https:\\\/\\\/bladnanews.com\\\/nl\\\/gerard-pique-lanceert-de-2026-kings-world-cup-naties-in-brazilie\\\/\"},\"author\":{\"name\":\"Bladna News Staff\",\"@id\":\"https:\\\/\\\/mediumseagreen-eel-531711.hostingersite.com\\\/#\\\/schema\\\/person\\\/268e18a453ab080ebf76df6ef7845083\"},\"headline\":\"Gerard Pique launches 2026 Kings World Cup Nations in Brazil\",\"datePublished\":\"2026-01-03T16:39:00+00:00\",\"mainEntityOfPage\":{\"@id\":\"https:\\\/\\\/bladnanews.com\\\/nl\\\/gerard-pique-lanceert-de-2026-kings-world-cup-naties-in-brazilie\\\/\"},\"wordCount\":204,\"publisher\":{\"@id\":\"https:\\\/\\\/mediumseagreen-eel-531711.hostingersite.com\\\/#organization\"},\"image\":{\"@id\":\"https:\\\/\\\/bladnanews.com\\\/nl\\\/gerard-pique-lanceert-de-2026-kings-world-cup-naties-in-brazilie\\\/#primaryimage\"},\"thumbnailUrl\":\"https:\\\/\\\/bladnanews.com\\\/wp-content\\\/uploads\\\/2026\\\/01\\\/BladnaNews-Gerard-Pique-launches-2026-Kings-World-Cup-Nations-in-Brazil-2026-01-03T175121.461Z.jpg\",\"articleSection\":[\"International\",\"Latest News\"],\"inLanguage\":\"nl-NL\",\"copyrightYear\":\"2026\",\"copyrightHolder\":{\"@id\":\"https:\\\/\\\/bladnanews.com\\\/nl\\\/#organization\"}},{\"@type\":\"WebPage\",\"@id\":\"https:\\\/\\\/bladnanews.com\\\/nl\\\/gerard-pique-lanceert-de-2026-kings-world-cup-naties-in-brazilie\\\/\",\"url\":\"https:\\\/\\\/bladnanews.com\\\/nl\\\/gerard-pique-lanceert-de-2026-kings-world-cup-naties-in-brazilie\\\/\",\"name\":\"Gerard Pique launches 2026 Kings World Cup Nations in Brazil - Bladna News\",\"isPartOf\":{\"@id\":\"https:\\\/\\\/mediumseagreen-eel-531711.hostingersite.com\\\/#website\"},\"primaryImageOfPage\":{\"@id\":\"https:\\\/\\\/bladnanews.com\\\/nl\\\/gerard-pique-lanceert-de-2026-kings-world-cup-naties-in-brazilie\\\/#primaryimage\"},\"image\":{\"@id\":\"https:\\\/\\\/bladnanews.com\\\/nl\\\/gerard-pique-lanceert-de-2026-kings-world-cup-naties-in-brazilie\\\/#primaryimage\"},\"thumbnailUrl\":\"https:\\\/\\\/bladnanews.com\\\/wp-content\\\/uploads\\\/2026\\\/01\\\/BladnaNews-Gerard-Pique-launches-2026-Kings-World-Cup-Nations-in-Brazil-2026-01-03T175121.461Z.jpg\",\"datePublished\":\"2026-01-03T16:39:00+00:00\",\"breadcrumb\":{\"@id\":\"https:\\\/\\\/bladnanews.com\\\/nl\\\/gerard-pique-lanceert-de-2026-kings-world-cup-naties-in-brazilie\\\/#breadcrumb\"},\"inLanguage\":\"nl-NL\",\"potentialAction\":[{\"@type\":\"ReadAction\",\"target\":[\"https:\\\/\\\/bladnanews.com\\\/nl\\\/gerard-pique-lanceert-de-2026-kings-world-cup-naties-in-brazilie\\\/\"]}]},{\"@type\":\"ImageObject\",\"inLanguage\":\"nl-NL\",\"@id\":\"https:\\\/\\\/bladnanews.com\\\/nl\\\/gerard-pique-lanceert-de-2026-kings-world-cup-naties-in-brazilie\\\/#primaryimage\",\"url\":\"https:\\\/\\\/bladnanews.com\\\/wp-content\\\/uploads\\\/2026\\\/01\\\/BladnaNews-Gerard-Pique-launches-2026-Kings-World-Cup-Nations-in-Brazil-2026-01-03T175121.461Z.jpg\",\"contentUrl\":\"https:\\\/\\\/bladnanews.com\\\/wp-content\\\/uploads\\\/2026\\\/01\\\/BladnaNews-Gerard-Pique-launches-2026-Kings-World-Cup-Nations-in-Brazil-2026-01-03T175121.461Z.jpg\",\"width\":2560,\"height\":1440,\"caption\":\"Brazilian players celebrate triumphantly, lifting the trophy for the 2026 Kings World Cup Nations, surrounded by vibrant decorations and cheers.\"},{\"@type\":\"BreadcrumbList\",\"@id\":\"https:\\\/\\\/bladnanews.com\\\/nl\\\/gerard-pique-lanceert-de-2026-kings-world-cup-naties-in-brazilie\\\/#breadcrumb\",\"itemListElement\":[{\"@type\":\"ListItem\",\"position\":1,\"name\":\"Home\",\"item\":\"https:\\\/\\\/bladnanews.com\\\/\"},{\"@type\":\"ListItem\",\"position\":2,\"name\":\"Gerard Pique launches 2026 Kings World Cup Nations in Brazil\"}]},{\"@type\":\"WebSite\",\"@id\":\"https:\\\/\\\/mediumseagreen-eel-531711.hostingersite.com\\\/#website\",\"url\":\"https:\\\/\\\/mediumseagreen-eel-531711.hostingersite.com\\\/\",\"name\":\"Bladna News - Morocco\",\"description\":\"Where Moroccan Football Meets the World\",\"publisher\":{\"@id\":\"https:\\\/\\\/mediumseagreen-eel-531711.hostingersite.com\\\/#organization\"},\"potentialAction\":[{\"@type\":\"SearchAction\",\"target\":{\"@type\":\"EntryPoint\",\"urlTemplate\":\"https:\\\/\\\/mediumseagreen-eel-531711.hostingersite.com\\\/?s={search_term_string}\"},\"query-input\":{\"@type\":\"PropertyValueSpecification\",\"valueRequired\":true,\"valueName\":\"search_term_string\"}}],\"inLanguage\":\"nl-NL\"},{\"@type\":\"Organization\",\"@id\":\"https:\\\/\\\/mediumseagreen-eel-531711.hostingersite.com\\\/#organization\",\"name\":\"Bladna News.com\",\"url\":\"https:\\\/\\\/mediumseagreen-eel-531711.hostingersite.com\\\/\",\"logo\":{\"@type\":\"ImageObject\",\"inLanguage\":\"nl-NL\",\"@id\":\"https:\\\/\\\/mediumseagreen-eel-531711.hostingersite.com\\\/#\\\/schema\\\/logo\\\/image\\\/\",\"url\":\"https:\\\/\\\/bladnanews.com\\\/wp-content\\\/uploads\\\/2025\\\/12\\\/logo-bladnanews-V2-web-black-red.png\",\"contentUrl\":\"https:\\\/\\\/bladnanews.com\\\/wp-content\\\/uploads\\\/2025\\\/12\\\/logo-bladnanews-V2-web-black-red.png\",\"width\":703,\"height\":287,\"caption\":\"Bladna News.com\"},\"image\":{\"@id\":\"https:\\\/\\\/mediumseagreen-eel-531711.hostingersite.com\\\/#\\\/schema\\\/logo\\\/image\\\/\"},\"email\":\"info@bladnanews.com\",\"legalName\":\"Bladna News\"},{\"@type\":\"Person\",\"@id\":\"https:\\\/\\\/mediumseagreen-eel-531711.hostingersite.com\\\/#\\\/schema\\\/person\\\/268e18a453ab080ebf76df6ef7845083\",\"name\":\"Bladna News Staff\",\"url\":\"https:\\\/\\\/bladnanews.com\\\/nl\\\/author\\\/bladna-news-staff\\\/\"}]}<\/script>\n<!-- \/ Yoast SEO Premium plugin. -->","yoast_head_json":{"title":"Gerard Pique lanceert 2026 Kings World Cup Nations in Brazili\u00eb - Bladna Nieuws","robots":{"index":"index","follow":"follow","max-snippet":"max-snippet:-1","max-image-preview":"max-image-preview:large","max-video-preview":"max-video-preview:-1"},"canonical":"https:\/\/bladnanews.com\/nl\/gerard-pique-lanceert-de-2026-kings-world-cup-naties-in-brazilie\/","og_locale":"nl_NL","og_type":"article","og_title":"Gerard Pique launches 2026 Kings World Cup Nations in Brazil","og_description":"Gerard Piqu\u00e9 has confirmed that the next edition of the Kings World Cup Nations will be held in Brazil in [&hellip;]","og_url":"https:\/\/bladnanews.com\/nl\/gerard-pique-lanceert-de-2026-kings-world-cup-naties-in-brazilie\/","og_site_name":"Bladna News","article_published_time":"2026-01-03T16:39:00+00:00","og_image":[{"width":2560,"height":1440,"url":"https:\/\/bladnanews.com\/wp-content\/uploads\/2026\/01\/BladnaNews-Gerard-Pique-launches-2026-Kings-World-Cup-Nations-in-Brazil-2026-01-03T175121.461Z.jpg","type":"image\/jpeg"}],"author":"Bladna News Staff","twitter_card":"summary_large_image","twitter_misc":{"Geschreven door":"Bladna News Staff","Geschatte leestijd":"1 minuut"},"schema":{"@context":"https:\/\/schema.org","@graph":[{"@type":"Article","@id":"https:\/\/bladnanews.com\/nl\/gerard-pique-lanceert-de-2026-kings-world-cup-naties-in-brazilie\/#article","isPartOf":{"@id":"https:\/\/bladnanews.com\/nl\/gerard-pique-lanceert-de-2026-kings-world-cup-naties-in-brazilie\/"},"author":{"name":"Bladna News Staff","@id":"https:\/\/mediumseagreen-eel-531711.hostingersite.com\/#\/schema\/person\/268e18a453ab080ebf76df6ef7845083"},"headline":"Gerard Pique launches 2026 Kings World Cup Nations in Brazil","datePublished":"2026-01-03T16:39:00+00:00","mainEntityOfPage":{"@id":"https:\/\/bladnanews.com\/nl\/gerard-pique-lanceert-de-2026-kings-world-cup-naties-in-brazilie\/"},"wordCount":204,"publisher":{"@id":"https:\/\/mediumseagreen-eel-531711.hostingersite.com\/#organization"},"image":{"@id":"https:\/\/bladnanews.com\/nl\/gerard-pique-lanceert-de-2026-kings-world-cup-naties-in-brazilie\/#primaryimage"},"thumbnailUrl":"https:\/\/bladnanews.com\/wp-content\/uploads\/2026\/01\/BladnaNews-Gerard-Pique-launches-2026-Kings-World-Cup-Nations-in-Brazil-2026-01-03T175121.461Z.jpg","articleSection":["International","Latest News"],"inLanguage":"nl-NL","copyrightYear":"2026","copyrightHolder":{"@id":"https:\/\/bladnanews.com\/nl\/#organization"}},{"@type":"WebPage","@id":"https:\/\/bladnanews.com\/nl\/gerard-pique-lanceert-de-2026-kings-world-cup-naties-in-brazilie\/","url":"https:\/\/bladnanews.com\/nl\/gerard-pique-lanceert-de-2026-kings-world-cup-naties-in-brazilie\/","name":"Gerard Pique lanceert 2026 Kings World Cup Nations in Brazili\u00eb - Bladna Nieuws","isPartOf":{"@id":"https:\/\/mediumseagreen-eel-531711.hostingersite.com\/#website"},"primaryImageOfPage":{"@id":"https:\/\/bladnanews.com\/nl\/gerard-pique-lanceert-de-2026-kings-world-cup-naties-in-brazilie\/#primaryimage"},"image":{"@id":"https:\/\/bladnanews.com\/nl\/gerard-pique-lanceert-de-2026-kings-world-cup-naties-in-brazilie\/#primaryimage"},"thumbnailUrl":"https:\/\/bladnanews.com\/wp-content\/uploads\/2026\/01\/BladnaNews-Gerard-Pique-launches-2026-Kings-World-Cup-Nations-in-Brazil-2026-01-03T175121.461Z.jpg","datePublished":"2026-01-03T16:39:00+00:00","breadcrumb":{"@id":"https:\/\/bladnanews.com\/nl\/gerard-pique-lanceert-de-2026-kings-world-cup-naties-in-brazilie\/#breadcrumb"},"inLanguage":"nl-NL","potentialAction":[{"@type":"ReadAction","target":["https:\/\/bladnanews.com\/nl\/gerard-pique-lanceert-de-2026-kings-world-cup-naties-in-brazilie\/"]}]},{"@type":"ImageObject","inLanguage":"nl-NL","@id":"https:\/\/bladnanews.com\/nl\/gerard-pique-lanceert-de-2026-kings-world-cup-naties-in-brazilie\/#primaryimage","url":"https:\/\/bladnanews.com\/wp-content\/uploads\/2026\/01\/BladnaNews-Gerard-Pique-launches-2026-Kings-World-Cup-Nations-in-Brazil-2026-01-03T175121.461Z.jpg","contentUrl":"https:\/\/bladnanews.com\/wp-content\/uploads\/2026\/01\/BladnaNews-Gerard-Pique-launches-2026-Kings-World-Cup-Nations-in-Brazil-2026-01-03T175121.461Z.jpg","width":2560,"height":1440,"caption":"Brazilian players celebrate triumphantly, lifting the trophy for the 2026 Kings World Cup Nations, surrounded by vibrant decorations and cheers."},{"@type":"BreadcrumbList","@id":"https:\/\/bladnanews.com\/nl\/gerard-pique-lanceert-de-2026-kings-world-cup-naties-in-brazilie\/#breadcrumb","itemListElement":[{"@type":"ListItem","position":1,"name":"Home","item":"https:\/\/bladnanews.com\/"},{"@type":"ListItem","position":2,"name":"Gerard Pique launches 2026 Kings World Cup Nations in Brazil"}]},{"@type":"WebSite","@id":"https:\/\/mediumseagreen-eel-531711.hostingersite.com\/#website","url":"https:\/\/mediumseagreen-eel-531711.hostingersite.com\/","name":"Bladna Nieuws - Marokko","description":"Waar Marokkaans voetbal de wereld ontmoet","publisher":{"@id":"https:\/\/mediumseagreen-eel-531711.hostingersite.com\/#organization"},"potentialAction":[{"@type":"SearchAction","target":{"@type":"EntryPoint","urlTemplate":"https:\/\/mediumseagreen-eel-531711.hostingersite.com\/?s={search_term_string}"},"query-input":{"@type":"PropertyValueSpecification","valueRequired":true,"valueName":"search_term_string"}}],"inLanguage":"nl-NL"},{"@type":"Organization","@id":"https:\/\/mediumseagreen-eel-531711.hostingersite.com\/#organization","name":"Bladna Nieuws.com","url":"https:\/\/mediumseagreen-eel-531711.hostingersite.com\/","logo":{"@type":"ImageObject","inLanguage":"nl-NL","@id":"https:\/\/mediumseagreen-eel-531711.hostingersite.com\/#\/schema\/logo\/image\/","url":"https:\/\/bladnanews.com\/wp-content\/uploads\/2025\/12\/logo-bladnanews-V2-web-black-red.png","contentUrl":"https:\/\/bladnanews.com\/wp-content\/uploads\/2025\/12\/logo-bladnanews-V2-web-black-red.png","width":703,"height":287,"caption":"Bladna News.com"},"image":{"@id":"https:\/\/mediumseagreen-eel-531711.hostingersite.com\/#\/schema\/logo\/image\/"},"email":"info@bladnanews.com","legalName":"Bladna News"},{"@type":"Person","@id":"https:\/\/mediumseagreen-eel-531711.hostingersite.com\/#\/schema\/person\/268e18a453ab080ebf76df6ef7845083","name":"Bladna Nieuwsredactie","url":"https:\/\/bladnanews.com\/nl\/author\/bladna-news-staff\/"}]}},"_links":{"self":[{"href":"https:\/\/bladnanews.com\/nl\/wp-json\/wp\/v2\/posts\/1614","targetHints":{"allow":["GET"]}}],"collection":[{"href":"https:\/\/bladnanews.com\/nl\/wp-json\/wp\/v2\/posts"}],"about":[{"href":"https:\/\/bladnanews.com\/nl\/wp-json\/wp\/v2\/types\/post"}],"author":[{"embeddable":true,"href":"https:\/\/bladnanews.com\/nl\/wp-json\/wp\/v2\/users\/3"}],"replies":[{"embeddable":true,"href":"https:\/\/bladnanews.com\/nl\/wp-json\/wp\/v2\/comments?post=1614"}],"version-history":[{"count":0,"href":"https:\/\/bladnanews.com\/nl\/wp-json\/wp\/v2\/posts\/1614\/revisions"}],"wp:featuredmedia":[{"embeddable":true,"href":"https:\/\/bladnanews.com\/nl\/wp-json\/wp\/v2\/media\/1613"}],"wp:attachment":[{"href":"https:\/\/bladnanews.com\/nl\/wp-json\/wp\/v2\/media?parent=1614"}],"wp:term":[{"taxonomy":"category","embeddable":true,"href":"https:\/\/bladnanews.com\/nl\/wp-json\/wp\/v2\/categories?post=1614"},{"taxonomy":"post_tag","embeddable":true,"href":"https:\/\/bladnanews.com\/nl\/wp-json\/wp\/v2\/tags?post=1614"}],"curies":[{"name":"wp","href":"https:\/\/api.w.org\/{rel}","templated":true}]}}