{"id":5125,"date":"2026-01-07T17:11:00","date_gmt":"2026-01-07T17:11:00","guid":{"rendered":"https:\/\/bladnanews.com\/truth-behind-chelsea-links-to-vinicius-jr-and-150m-move\/"},"modified":"2026-01-07T17:11:00","modified_gmt":"2026-01-07T17:11:00","slug":"de-waarheid-achter-de-geruchten-over-chelseas-interesse-in-vinicius-jr-en-een-overgang-van-150-miljoen","status":"publish","type":"post","link":"https:\/\/bladnanews.com\/nl\/de-waarheid-achter-de-geruchten-over-chelseas-interesse-in-vinicius-jr-en-een-overgang-van-150-miljoen\/","title":{"rendered":"De waarheid achter de geruchten over Chelsea's interesse in Vinicius Jr en een overgang van 150 miljoen"},"content":{"rendered":"<p>Chelsea wordt in verband gebracht met een verbazingwekkende overgang van \u20ac150 miljoen voor Real Madrid-ster Vin\u00edcius Jr, maar de waarheid is dat de Blues de Braziliaan niet nastreven en er geen actief plan is om hem te proberen aan te trekken.<\/p>\n<p>De geruchten namen toe toen Chelsea hun selectie bleef hervormen, waarbij de club naar verwachting weer druk zal zijn op de transfermarkt. Het profiel van Vin\u00edcius, zijn status in het Bernab\u00e9u en zijn commerci\u00eble aantrekkingskracht wakkerden het gespeculeer aan, met suggesties dat hij een topdoelwit voor de Premier League-club zou kunnen zijn.<\/p>\n<p>Wat echter is onthuld, is dat de speculatie niet de huidige realiteit weerspiegelt. Chelsea werkt niet aan een deal voor Vin\u00edcius, en er is geen concrete beweging geweest vanuit Stamford Bridge om hem voor een bedrag rond de \u20ac150 miljoen weg te halen bij Madrid.<\/p>\n<p>Aan de kant van Real Madrid blijft Vin\u00edcius een sleutelfiguur en er is niets dat erop wijst dat zij van plan zijn hem te verkopen. De 23-jarige blijft centraal staan in hun project en wordt niet gepositioneerd als een speler die beschikbaar is voor transfer.<\/p>\n<p>Vin\u00edcius is al lang een van de meest beslissende buitenaanvallers van Europa, en zijn belang voor Madrid is alleen maar gegroeid, waardoor het idee van een overstap naar West-Londen nog onwaarschijnlijker leek nadat de eerste krantenkoppen waren wegge\u00ebbd.<\/p>\n<p>Voor Chelsea blijft de focus liggen op doelwitten die passen bij hun doorlopende wederopbouw, in plaats van op een spectaculaire jacht op een speler die door zijn club als onaanraakbaar wordt beschouwd. Zoals het er nu voorstaat, wordt de veelbesproken link van \u20ac150 miljoen niet gedreven door onderhandelingen of enige daadwerkelijke druk van een van beide partijen.<\/p>","protected":false},"excerpt":{"rendered":"<p>Chelsea have been linked with a stunning \u20ac150 million move for Real Madrid star Vinicius Jr, but the truth is [&hellip;]<\/p>\n","protected":false},"author":3,"featured_media":5123,"comment_status":"","ping_status":"open","sticky":false,"template":"","format":"standard","meta":{"googlesitekit_rrm_CAow_uzEDA:productID":"","site-sidebar-layout":"default","site-content-layout":"","ast-site-content-layout":"default","site-content-style":"default","site-sidebar-style":"default","ast-global-header-display":"","ast-banner-title-visibility":"","ast-main-header-display":"","ast-hfb-above-header-display":"","ast-hfb-below-header-display":"","ast-hfb-mobile-header-display":"","site-post-title":"","ast-breadcrumbs-content":"","ast-featured-img":"","footer-sml-layout":"","ast-disable-related-posts":"","theme-transparent-header-meta":"","adv-header-id-meta":"","stick-header-meta":"","header-above-stick-meta":"","header-main-stick-meta":"","header-below-stick-meta":"","astra-migrate-meta-layouts":"default","ast-page-background-enabled":"default","ast-page-background-meta":{"desktop":{"background-color":"var(--ast-global-color-5)","background-image":"","background-repeat":"repeat","background-position":"center center","background-size":"auto","background-attachment":"scroll","background-type":"","background-media":"","overlay-type":"","overlay-color":"","overlay-opacity":"","overlay-gradient":""},"tablet":{"background-color":"","background-image":"","background-repeat":"repeat","background-position":"center center","background-size":"auto","background-attachment":"scroll","background-type":"","background-media":"","overlay-type":"","overlay-color":"","overlay-opacity":"","overlay-gradient":""},"mobile":{"background-color":"","background-image":"","background-repeat":"repeat","background-position":"center center","background-size":"auto","background-attachment":"scroll","background-type":"","background-media":"","overlay-type":"","overlay-color":"","overlay-opacity":"","overlay-gradient":""}},"ast-content-background-meta":{"desktop":{"background-color":"var(--ast-global-color-4)","background-image":"","background-repeat":"repeat","background-position":"center center","background-size":"auto","background-attachment":"scroll","background-type":"","background-media":"","overlay-type":"","overlay-color":"","overlay-opacity":"","overlay-gradient":""},"tablet":{"background-color":"var(--ast-global-color-4)","background-image":"","background-repeat":"repeat","background-position":"center center","background-size":"auto","background-attachment":"scroll","background-type":"","background-media":"","overlay-type":"","overlay-color":"","overlay-opacity":"","overlay-gradient":""},"mobile":{"background-color":"var(--ast-global-color-4)","background-image":"","background-repeat":"repeat","background-position":"center center","background-size":"auto","background-attachment":"scroll","background-type":"","background-media":"","overlay-type":"","overlay-color":"","overlay-opacity":"","overlay-gradient":""}},"footnotes":""},"categories":[20,1],"tags":[],"class_list":["post-5125","post","type-post","status-publish","format-standard","has-post-thumbnail","hentry","category-international","category-football-latest-news"],"yoast_head":"<!-- This site is optimized with the Yoast SEO Premium plugin v26.6 (Yoast SEO v27.5) - https:\/\/yoast.com\/product\/yoast-seo-premium-wordpress\/ -->\n<title>Truth behind Chelsea links to Vinicius Jr and 150m move - Bladna News<\/title>\n<meta name=\"robots\" content=\"index, follow, max-snippet:-1, max-image-preview:large, max-video-preview:-1\" \/>\n<link rel=\"canonical\" href=\"https:\/\/bladnanews.com\/nl\/de-waarheid-achter-de-geruchten-over-chelseas-interesse-in-vinicius-jr-en-een-overgang-van-150-miljoen\/\" \/>\n<meta property=\"og:locale\" content=\"nl_NL\" \/>\n<meta property=\"og:type\" content=\"article\" \/>\n<meta property=\"og:title\" content=\"Truth behind Chelsea links to Vinicius Jr and 150m move\" \/>\n<meta property=\"og:description\" content=\"Chelsea have been linked with a stunning \u20ac150 million move for Real Madrid star Vinicius Jr, but the truth is [&hellip;]\" \/>\n<meta property=\"og:url\" content=\"https:\/\/bladnanews.com\/nl\/de-waarheid-achter-de-geruchten-over-chelseas-interesse-in-vinicius-jr-en-een-overgang-van-150-miljoen\/\" \/>\n<meta property=\"og:site_name\" content=\"Bladna News\" \/>\n<meta property=\"article:published_time\" content=\"2026-01-07T17:11:00+00:00\" \/>\n<meta property=\"og:image\" content=\"https:\/\/bladnanews.com\/wp-content\/uploads\/2025\/12\/freepik__bladna-newscom-moroccan-soccer-homepage-banner-mor__41838.png\" \/>\n\t<meta property=\"og:image:width\" content=\"1312\" \/>\n\t<meta property=\"og:image:height\" content=\"736\" \/>\n\t<meta property=\"og:image:type\" content=\"image\/png\" \/>\n<meta name=\"author\" content=\"Bladna News Staff\" \/>\n<meta name=\"twitter:card\" content=\"summary_large_image\" \/>\n<meta name=\"twitter:label1\" content=\"Geschreven door\" \/>\n\t<meta name=\"twitter:data1\" content=\"Bladna News Staff\" \/>\n\t<meta name=\"twitter:label2\" content=\"Geschatte leestijd\" \/>\n\t<meta name=\"twitter:data2\" content=\"1 minuut\" \/>\n<script type=\"application\/ld+json\" class=\"yoast-schema-graph\">{\"@context\":\"https:\\\/\\\/schema.org\",\"@graph\":[{\"@type\":\"Article\",\"@id\":\"https:\\\/\\\/bladnanews.com\\\/truth-behind-chelsea-links-to-vinicius-jr-and-150m-move\\\/#article\",\"isPartOf\":{\"@id\":\"https:\\\/\\\/bladnanews.com\\\/truth-behind-chelsea-links-to-vinicius-jr-and-150m-move\\\/\"},\"author\":{\"name\":\"Bladna News Staff\",\"@id\":\"https:\\\/\\\/mediumseagreen-eel-531711.hostingersite.com\\\/#\\\/schema\\\/person\\\/268e18a453ab080ebf76df6ef7845083\"},\"headline\":\"Truth behind Chelsea links to Vinicius Jr and 150m move\",\"datePublished\":\"2026-01-07T17:11:00+00:00\",\"mainEntityOfPage\":{\"@id\":\"https:\\\/\\\/bladnanews.com\\\/truth-behind-chelsea-links-to-vinicius-jr-and-150m-move\\\/\"},\"wordCount\":276,\"publisher\":{\"@id\":\"https:\\\/\\\/mediumseagreen-eel-531711.hostingersite.com\\\/#organization\"},\"image\":{\"@id\":\"https:\\\/\\\/bladnanews.com\\\/truth-behind-chelsea-links-to-vinicius-jr-and-150m-move\\\/#primaryimage\"},\"thumbnailUrl\":\"https:\\\/\\\/bladnanews.com\\\/wp-content\\\/uploads\\\/2026\\\/01\\\/BladnaNews-Truth-behind-Chelsea-links-to-Vinicius-Jr-and-150m-move-2026-01-08T050933.334Z.jpg\",\"articleSection\":[\"International\",\"Latest News\"],\"inLanguage\":\"nl-NL\",\"copyrightYear\":\"2026\",\"copyrightHolder\":{\"@id\":\"https:\\\/\\\/bladnanews.com\\\/nl\\\/#organization\"}},{\"@type\":\"WebPage\",\"@id\":\"https:\\\/\\\/bladnanews.com\\\/truth-behind-chelsea-links-to-vinicius-jr-and-150m-move\\\/\",\"url\":\"https:\\\/\\\/bladnanews.com\\\/truth-behind-chelsea-links-to-vinicius-jr-and-150m-move\\\/\",\"name\":\"Truth behind Chelsea links to Vinicius Jr and 150m move - Bladna News\",\"isPartOf\":{\"@id\":\"https:\\\/\\\/mediumseagreen-eel-531711.hostingersite.com\\\/#website\"},\"primaryImageOfPage\":{\"@id\":\"https:\\\/\\\/bladnanews.com\\\/truth-behind-chelsea-links-to-vinicius-jr-and-150m-move\\\/#primaryimage\"},\"image\":{\"@id\":\"https:\\\/\\\/bladnanews.com\\\/truth-behind-chelsea-links-to-vinicius-jr-and-150m-move\\\/#primaryimage\"},\"thumbnailUrl\":\"https:\\\/\\\/bladnanews.com\\\/wp-content\\\/uploads\\\/2026\\\/01\\\/BladnaNews-Truth-behind-Chelsea-links-to-Vinicius-Jr-and-150m-move-2026-01-08T050933.334Z.jpg\",\"datePublished\":\"2026-01-07T17:11:00+00:00\",\"breadcrumb\":{\"@id\":\"https:\\\/\\\/bladnanews.com\\\/truth-behind-chelsea-links-to-vinicius-jr-and-150m-move\\\/#breadcrumb\"},\"inLanguage\":\"nl-NL\",\"potentialAction\":[{\"@type\":\"ReadAction\",\"target\":[\"https:\\\/\\\/bladnanews.com\\\/truth-behind-chelsea-links-to-vinicius-jr-and-150m-move\\\/\"]}]},{\"@type\":\"ImageObject\",\"inLanguage\":\"nl-NL\",\"@id\":\"https:\\\/\\\/bladnanews.com\\\/truth-behind-chelsea-links-to-vinicius-jr-and-150m-move\\\/#primaryimage\",\"url\":\"https:\\\/\\\/bladnanews.com\\\/wp-content\\\/uploads\\\/2026\\\/01\\\/BladnaNews-Truth-behind-Chelsea-links-to-Vinicius-Jr-and-150m-move-2026-01-08T050933.334Z.jpg\",\"contentUrl\":\"https:\\\/\\\/bladnanews.com\\\/wp-content\\\/uploads\\\/2026\\\/01\\\/BladnaNews-Truth-behind-Chelsea-links-to-Vinicius-Jr-and-150m-move-2026-01-08T050933.334Z.jpg\",\"width\":1600,\"height\":900,\"caption\":\"2. Moroccan football star joins Chelsea FC; latest transfer news and highlights from Morocco and global football.\"},{\"@type\":\"BreadcrumbList\",\"@id\":\"https:\\\/\\\/bladnanews.com\\\/truth-behind-chelsea-links-to-vinicius-jr-and-150m-move\\\/#breadcrumb\",\"itemListElement\":[{\"@type\":\"ListItem\",\"position\":1,\"name\":\"Home\",\"item\":\"https:\\\/\\\/bladnanews.com\\\/\"},{\"@type\":\"ListItem\",\"position\":2,\"name\":\"Truth behind Chelsea links to Vinicius Jr and 150m move\"}]},{\"@type\":\"WebSite\",\"@id\":\"https:\\\/\\\/mediumseagreen-eel-531711.hostingersite.com\\\/#website\",\"url\":\"https:\\\/\\\/mediumseagreen-eel-531711.hostingersite.com\\\/\",\"name\":\"Bladna News - Morocco\",\"description\":\"Where Moroccan Football Meets the World\",\"publisher\":{\"@id\":\"https:\\\/\\\/mediumseagreen-eel-531711.hostingersite.com\\\/#organization\"},\"potentialAction\":[{\"@type\":\"SearchAction\",\"target\":{\"@type\":\"EntryPoint\",\"urlTemplate\":\"https:\\\/\\\/mediumseagreen-eel-531711.hostingersite.com\\\/?s={search_term_string}\"},\"query-input\":{\"@type\":\"PropertyValueSpecification\",\"valueRequired\":true,\"valueName\":\"search_term_string\"}}],\"inLanguage\":\"nl-NL\"},{\"@type\":\"Organization\",\"@id\":\"https:\\\/\\\/mediumseagreen-eel-531711.hostingersite.com\\\/#organization\",\"name\":\"Bladna News.com\",\"url\":\"https:\\\/\\\/mediumseagreen-eel-531711.hostingersite.com\\\/\",\"logo\":{\"@type\":\"ImageObject\",\"inLanguage\":\"nl-NL\",\"@id\":\"https:\\\/\\\/mediumseagreen-eel-531711.hostingersite.com\\\/#\\\/schema\\\/logo\\\/image\\\/\",\"url\":\"https:\\\/\\\/bladnanews.com\\\/wp-content\\\/uploads\\\/2025\\\/12\\\/logo-bladnanews-V2-web-black-red.png\",\"contentUrl\":\"https:\\\/\\\/bladnanews.com\\\/wp-content\\\/uploads\\\/2025\\\/12\\\/logo-bladnanews-V2-web-black-red.png\",\"width\":703,\"height\":287,\"caption\":\"Bladna News.com\"},\"image\":{\"@id\":\"https:\\\/\\\/mediumseagreen-eel-531711.hostingersite.com\\\/#\\\/schema\\\/logo\\\/image\\\/\"},\"email\":\"info@bladnanews.com\",\"legalName\":\"Bladna News\"},{\"@type\":\"Person\",\"@id\":\"https:\\\/\\\/mediumseagreen-eel-531711.hostingersite.com\\\/#\\\/schema\\\/person\\\/268e18a453ab080ebf76df6ef7845083\",\"name\":\"Bladna News Staff\",\"url\":\"https:\\\/\\\/bladnanews.com\\\/nl\\\/author\\\/bladna-news-staff\\\/\"}]}<\/script>\n<!-- \/ Yoast SEO Premium plugin. -->","yoast_head_json":{"title":"De waarheid achter de geruchten over Chelsea's interesse in Vinicius Jr en een verhuizing van 150 miljoen - Bladna News","robots":{"index":"index","follow":"follow","max-snippet":"max-snippet:-1","max-image-preview":"max-image-preview:large","max-video-preview":"max-video-preview:-1"},"canonical":"https:\/\/bladnanews.com\/nl\/de-waarheid-achter-de-geruchten-over-chelseas-interesse-in-vinicius-jr-en-een-overgang-van-150-miljoen\/","og_locale":"nl_NL","og_type":"article","og_title":"Truth behind Chelsea links to Vinicius Jr and 150m move","og_description":"Chelsea have been linked with a stunning \u20ac150 million move for Real Madrid star Vinicius Jr, but the truth is [&hellip;]","og_url":"https:\/\/bladnanews.com\/nl\/de-waarheid-achter-de-geruchten-over-chelseas-interesse-in-vinicius-jr-en-een-overgang-van-150-miljoen\/","og_site_name":"Bladna News","article_published_time":"2026-01-07T17:11:00+00:00","og_image":[{"width":1312,"height":736,"url":"https:\/\/bladnanews.com\/wp-content\/uploads\/2025\/12\/freepik__bladna-newscom-moroccan-soccer-homepage-banner-mor__41838.png","type":"image\/png"}],"author":"Bladna News Staff","twitter_card":"summary_large_image","twitter_misc":{"Geschreven door":"Bladna News Staff","Geschatte leestijd":"1 minuut"},"schema":{"@context":"https:\/\/schema.org","@graph":[{"@type":"Article","@id":"https:\/\/bladnanews.com\/truth-behind-chelsea-links-to-vinicius-jr-and-150m-move\/#article","isPartOf":{"@id":"https:\/\/bladnanews.com\/truth-behind-chelsea-links-to-vinicius-jr-and-150m-move\/"},"author":{"name":"Bladna News Staff","@id":"https:\/\/mediumseagreen-eel-531711.hostingersite.com\/#\/schema\/person\/268e18a453ab080ebf76df6ef7845083"},"headline":"Truth behind Chelsea links to Vinicius Jr and 150m move","datePublished":"2026-01-07T17:11:00+00:00","mainEntityOfPage":{"@id":"https:\/\/bladnanews.com\/truth-behind-chelsea-links-to-vinicius-jr-and-150m-move\/"},"wordCount":276,"publisher":{"@id":"https:\/\/mediumseagreen-eel-531711.hostingersite.com\/#organization"},"image":{"@id":"https:\/\/bladnanews.com\/truth-behind-chelsea-links-to-vinicius-jr-and-150m-move\/#primaryimage"},"thumbnailUrl":"https:\/\/bladnanews.com\/wp-content\/uploads\/2026\/01\/BladnaNews-Truth-behind-Chelsea-links-to-Vinicius-Jr-and-150m-move-2026-01-08T050933.334Z.jpg","articleSection":["International","Latest News"],"inLanguage":"nl-NL","copyrightYear":"2026","copyrightHolder":{"@id":"https:\/\/bladnanews.com\/nl\/#organization"}},{"@type":"WebPage","@id":"https:\/\/bladnanews.com\/truth-behind-chelsea-links-to-vinicius-jr-and-150m-move\/","url":"https:\/\/bladnanews.com\/truth-behind-chelsea-links-to-vinicius-jr-and-150m-move\/","name":"De waarheid achter de geruchten over Chelsea's interesse in Vinicius Jr en een verhuizing van 150 miljoen - Bladna News","isPartOf":{"@id":"https:\/\/mediumseagreen-eel-531711.hostingersite.com\/#website"},"primaryImageOfPage":{"@id":"https:\/\/bladnanews.com\/truth-behind-chelsea-links-to-vinicius-jr-and-150m-move\/#primaryimage"},"image":{"@id":"https:\/\/bladnanews.com\/truth-behind-chelsea-links-to-vinicius-jr-and-150m-move\/#primaryimage"},"thumbnailUrl":"https:\/\/bladnanews.com\/wp-content\/uploads\/2026\/01\/BladnaNews-Truth-behind-Chelsea-links-to-Vinicius-Jr-and-150m-move-2026-01-08T050933.334Z.jpg","datePublished":"2026-01-07T17:11:00+00:00","breadcrumb":{"@id":"https:\/\/bladnanews.com\/truth-behind-chelsea-links-to-vinicius-jr-and-150m-move\/#breadcrumb"},"inLanguage":"nl-NL","potentialAction":[{"@type":"ReadAction","target":["https:\/\/bladnanews.com\/truth-behind-chelsea-links-to-vinicius-jr-and-150m-move\/"]}]},{"@type":"ImageObject","inLanguage":"nl-NL","@id":"https:\/\/bladnanews.com\/truth-behind-chelsea-links-to-vinicius-jr-and-150m-move\/#primaryimage","url":"https:\/\/bladnanews.com\/wp-content\/uploads\/2026\/01\/BladnaNews-Truth-behind-Chelsea-links-to-Vinicius-Jr-and-150m-move-2026-01-08T050933.334Z.jpg","contentUrl":"https:\/\/bladnanews.com\/wp-content\/uploads\/2026\/01\/BladnaNews-Truth-behind-Chelsea-links-to-Vinicius-Jr-and-150m-move-2026-01-08T050933.334Z.jpg","width":1600,"height":900,"caption":"2. Moroccan football star joins Chelsea FC; latest transfer news and highlights from Morocco and global football."},{"@type":"BreadcrumbList","@id":"https:\/\/bladnanews.com\/truth-behind-chelsea-links-to-vinicius-jr-and-150m-move\/#breadcrumb","itemListElement":[{"@type":"ListItem","position":1,"name":"Home","item":"https:\/\/bladnanews.com\/"},{"@type":"ListItem","position":2,"name":"Truth behind Chelsea links to Vinicius Jr and 150m move"}]},{"@type":"WebSite","@id":"https:\/\/mediumseagreen-eel-531711.hostingersite.com\/#website","url":"https:\/\/mediumseagreen-eel-531711.hostingersite.com\/","name":"Bladna Nieuws - Marokko","description":"Waar Marokkaans voetbal de wereld ontmoet","publisher":{"@id":"https:\/\/mediumseagreen-eel-531711.hostingersite.com\/#organization"},"potentialAction":[{"@type":"SearchAction","target":{"@type":"EntryPoint","urlTemplate":"https:\/\/mediumseagreen-eel-531711.hostingersite.com\/?s={search_term_string}"},"query-input":{"@type":"PropertyValueSpecification","valueRequired":true,"valueName":"search_term_string"}}],"inLanguage":"nl-NL"},{"@type":"Organization","@id":"https:\/\/mediumseagreen-eel-531711.hostingersite.com\/#organization","name":"Bladna Nieuws.com","url":"https:\/\/mediumseagreen-eel-531711.hostingersite.com\/","logo":{"@type":"ImageObject","inLanguage":"nl-NL","@id":"https:\/\/mediumseagreen-eel-531711.hostingersite.com\/#\/schema\/logo\/image\/","url":"https:\/\/bladnanews.com\/wp-content\/uploads\/2025\/12\/logo-bladnanews-V2-web-black-red.png","contentUrl":"https:\/\/bladnanews.com\/wp-content\/uploads\/2025\/12\/logo-bladnanews-V2-web-black-red.png","width":703,"height":287,"caption":"Bladna News.com"},"image":{"@id":"https:\/\/mediumseagreen-eel-531711.hostingersite.com\/#\/schema\/logo\/image\/"},"email":"info@bladnanews.com","legalName":"Bladna News"},{"@type":"Person","@id":"https:\/\/mediumseagreen-eel-531711.hostingersite.com\/#\/schema\/person\/268e18a453ab080ebf76df6ef7845083","name":"Bladna Nieuwsredactie","url":"https:\/\/bladnanews.com\/nl\/author\/bladna-news-staff\/"}]}},"_links":{"self":[{"href":"https:\/\/bladnanews.com\/nl\/wp-json\/wp\/v2\/posts\/5125","targetHints":{"allow":["GET"]}}],"collection":[{"href":"https:\/\/bladnanews.com\/nl\/wp-json\/wp\/v2\/posts"}],"about":[{"href":"https:\/\/bladnanews.com\/nl\/wp-json\/wp\/v2\/types\/post"}],"author":[{"embeddable":true,"href":"https:\/\/bladnanews.com\/nl\/wp-json\/wp\/v2\/users\/3"}],"replies":[{"embeddable":true,"href":"https:\/\/bladnanews.com\/nl\/wp-json\/wp\/v2\/comments?post=5125"}],"version-history":[{"count":0,"href":"https:\/\/bladnanews.com\/nl\/wp-json\/wp\/v2\/posts\/5125\/revisions"}],"wp:featuredmedia":[{"embeddable":true,"href":"https:\/\/bladnanews.com\/nl\/wp-json\/wp\/v2\/media\/5123"}],"wp:attachment":[{"href":"https:\/\/bladnanews.com\/nl\/wp-json\/wp\/v2\/media?parent=5125"}],"wp:term":[{"taxonomy":"category","embeddable":true,"href":"https:\/\/bladnanews.com\/nl\/wp-json\/wp\/v2\/categories?post=5125"},{"taxonomy":"post_tag","embeddable":true,"href":"https:\/\/bladnanews.com\/nl\/wp-json\/wp\/v2\/tags?post=5125"}],"curies":[{"name":"wp","href":"https:\/\/api.w.org\/{rel}","templated":true}]}}