{"id":5329,"date":"2026-01-08T11:43:00","date_gmt":"2026-01-08T11:43:00","guid":{"rendered":"https:\/\/bladnanews.com\/regragui-casts-doubt-on-amrabat-vs-cameroon-igamane-back\/"},"modified":"2026-01-08T11:43:00","modified_gmt":"2026-01-08T11:43:00","slug":"regragui-twijfelt-aan-amrabat-tegen-kameroen-igamane-terug","status":"publish","type":"post","link":"https:\/\/bladnanews.com\/nl\/regragui-twijfelt-aan-amrabat-tegen-kameroen-igamane-terug\/","title":{"rendered":"Regragui twijfelt aan Amrabat tegen Kameroen, Igamane terug"},"content":{"rendered":"<p>De Marokkaanse bondscoach Walid Regragui heeft twijfels geuit over de beschikbaarheid van Sofyan Amrabat voor de aanstaande oefenwedstrijd tegen Kameroen, terwijl hij de terugkeer van spits Ayoub El Kaabi en de terugkomst van de jonge aanvaller Youssef Igamane in de selectie bevestigde.<\/p>\n<p>In een gesprek met de media voorafgaand aan de wedstrijd lichtte Regragui toe dat Amrabat nog niet voor 100 procent fit is, waardoor zijn deelname onzeker is. \u201cWe zullen het zien tijdens de laatste training. Hij is niet volledig gereed,\u201d zei de coach, waarbij hij benadrukte dat er geen risico's genomen zullen worden met de conditie van de middenvelder.<\/p>\n<p>In dezelfde opmerkingen bevestigde Regragui dat Igamane terug is na afwezigheid, en zei dat de speler positieve signalen heeft getoond en zijn plek opnieuw heeft verdiend. De coach omschreef de terugkeer als een belangrijke impuls, vooral omdat de staf de groep nauwlettend in de gaten houdt terwijl de voorbereidingen doorgaan.<\/p>\n<p>Regragui benadrukte ook dat de oefenwedstrijd tegen Kameroen een cruciale test is in het programma van het nationale elftal, wat de staf een duidelijke kans geeft om de selectie te beoordelen, de belasting te managen en opties te bekijken v\u00f3\u00f3r de volgende offici\u00eble data.<\/p>\n<p>Marokko neemt het op tegen Kameroen in wat naar verwachting een competitieve ontmoeting wordt, waarbij Regragui zich richt op het balanceren van prestaties en spelersfitheid, terwijl hij wacht op een definitief besluit over de gereedheid van Amrabat.<\/p>","protected":false},"excerpt":{"rendered":"<p>Morocco head coach Walid Regragui has raised doubts over the availability of Sofyan Amrabat for the upcoming friendly against Cameroon, [&hellip;]<\/p>\n","protected":false},"author":4,"featured_media":5328,"comment_status":"","ping_status":"open","sticky":false,"template":"","format":"standard","meta":{"googlesitekit_rrm_CAow_uzEDA:productID":"","site-sidebar-layout":"default","site-content-layout":"","ast-site-content-layout":"default","site-content-style":"default","site-sidebar-style":"default","ast-global-header-display":"","ast-banner-title-visibility":"","ast-main-header-display":"","ast-hfb-above-header-display":"","ast-hfb-below-header-display":"","ast-hfb-mobile-header-display":"","site-post-title":"","ast-breadcrumbs-content":"","ast-featured-img":"","footer-sml-layout":"","ast-disable-related-posts":"","theme-transparent-header-meta":"","adv-header-id-meta":"","stick-header-meta":"","header-above-stick-meta":"","header-main-stick-meta":"","header-below-stick-meta":"","astra-migrate-meta-layouts":"default","ast-page-background-enabled":"default","ast-page-background-meta":{"desktop":{"background-color":"var(--ast-global-color-5)","background-image":"","background-repeat":"repeat","background-position":"center center","background-size":"auto","background-attachment":"scroll","background-type":"","background-media":"","overlay-type":"","overlay-color":"","overlay-opacity":"","overlay-gradient":""},"tablet":{"background-color":"","background-image":"","background-repeat":"repeat","background-position":"center center","background-size":"auto","background-attachment":"scroll","background-type":"","background-media":"","overlay-type":"","overlay-color":"","overlay-opacity":"","overlay-gradient":""},"mobile":{"background-color":"","background-image":"","background-repeat":"repeat","background-position":"center center","background-size":"auto","background-attachment":"scroll","background-type":"","background-media":"","overlay-type":"","overlay-color":"","overlay-opacity":"","overlay-gradient":""}},"ast-content-background-meta":{"desktop":{"background-color":"var(--ast-global-color-4)","background-image":"","background-repeat":"repeat","background-position":"center center","background-size":"auto","background-attachment":"scroll","background-type":"","background-media":"","overlay-type":"","overlay-color":"","overlay-opacity":"","overlay-gradient":""},"tablet":{"background-color":"var(--ast-global-color-4)","background-image":"","background-repeat":"repeat","background-position":"center center","background-size":"auto","background-attachment":"scroll","background-type":"","background-media":"","overlay-type":"","overlay-color":"","overlay-opacity":"","overlay-gradient":""},"mobile":{"background-color":"var(--ast-global-color-4)","background-image":"","background-repeat":"repeat","background-position":"center center","background-size":"auto","background-attachment":"scroll","background-type":"","background-media":"","overlay-type":"","overlay-color":"","overlay-opacity":"","overlay-gradient":""}},"footnotes":""},"categories":[1,168],"tags":[],"class_list":["post-5329","post","type-post","status-publish","format-standard","has-post-thumbnail","hentry","category-football-latest-news","category-morocco-national-team"],"yoast_head":"<!-- This site is optimized with the Yoast SEO Premium plugin v26.6 (Yoast SEO v27.4) - https:\/\/yoast.com\/product\/yoast-seo-premium-wordpress\/ -->\n<title>Regragui casts doubt on Amrabat vs Cameroon, Igamane back - Bladna News<\/title>\n<meta name=\"robots\" content=\"index, follow, max-snippet:-1, max-image-preview:large, max-video-preview:-1\" \/>\n<link rel=\"canonical\" href=\"https:\/\/bladnanews.com\/nl\/regragui-twijfelt-aan-amrabat-tegen-kameroen-igamane-terug\/\" \/>\n<meta property=\"og:locale\" content=\"nl_NL\" \/>\n<meta property=\"og:type\" content=\"article\" \/>\n<meta property=\"og:title\" content=\"Regragui casts doubt on Amrabat vs Cameroon, Igamane back\" \/>\n<meta property=\"og:description\" content=\"Morocco head coach Walid Regragui has raised doubts over the availability of Sofyan Amrabat for the upcoming friendly against Cameroon, [&hellip;]\" \/>\n<meta property=\"og:url\" content=\"https:\/\/bladnanews.com\/nl\/regragui-twijfelt-aan-amrabat-tegen-kameroen-igamane-terug\/\" \/>\n<meta property=\"og:site_name\" content=\"Bladna News\" \/>\n<meta property=\"article:published_time\" content=\"2026-01-08T11:43:00+00:00\" \/>\n<meta property=\"og:image\" content=\"https:\/\/bladnanews.com\/wp-content\/uploads\/2025\/12\/freepik__bladna-newscom-moroccan-soccer-homepage-banner-mor__41838.png\" \/>\n\t<meta property=\"og:image:width\" content=\"1312\" \/>\n\t<meta property=\"og:image:height\" content=\"736\" \/>\n\t<meta property=\"og:image:type\" content=\"image\/png\" \/>\n<meta name=\"author\" content=\"Bladna Sports Desk\" \/>\n<meta name=\"twitter:card\" content=\"summary_large_image\" \/>\n<meta name=\"twitter:label1\" content=\"Geschreven door\" \/>\n\t<meta name=\"twitter:data1\" content=\"Bladna Sports Desk\" \/>\n\t<meta name=\"twitter:label2\" content=\"Geschatte leestijd\" \/>\n\t<meta name=\"twitter:data2\" content=\"1 minuut\" \/>\n<script type=\"application\/ld+json\" class=\"yoast-schema-graph\">{\"@context\":\"https:\\\/\\\/schema.org\",\"@graph\":[{\"@type\":\"Article\",\"@id\":\"https:\\\/\\\/bladnanews.com\\\/regragui-casts-doubt-on-amrabat-vs-cameroon-igamane-back\\\/#article\",\"isPartOf\":{\"@id\":\"https:\\\/\\\/bladnanews.com\\\/regragui-casts-doubt-on-amrabat-vs-cameroon-igamane-back\\\/\"},\"author\":{\"name\":\"Bladna Sports Desk\",\"@id\":\"https:\\\/\\\/mediumseagreen-eel-531711.hostingersite.com\\\/#\\\/schema\\\/person\\\/6712b38fabe810f7eb8d15ed30d90f1e\"},\"headline\":\"Regragui casts doubt on Amrabat vs Cameroon, Igamane back\",\"datePublished\":\"2026-01-08T11:43:00+00:00\",\"mainEntityOfPage\":{\"@id\":\"https:\\\/\\\/bladnanews.com\\\/regragui-casts-doubt-on-amrabat-vs-cameroon-igamane-back\\\/\"},\"wordCount\":216,\"publisher\":{\"@id\":\"https:\\\/\\\/mediumseagreen-eel-531711.hostingersite.com\\\/#organization\"},\"image\":{\"@id\":\"https:\\\/\\\/bladnanews.com\\\/regragui-casts-doubt-on-amrabat-vs-cameroon-igamane-back\\\/#primaryimage\"},\"thumbnailUrl\":\"https:\\\/\\\/bladnanews.com\\\/wp-content\\\/uploads\\\/2026\\\/01\\\/regragui_1767447788-1.webp\",\"articleSection\":[\"Latest News\",\"Morocco National Team\"],\"inLanguage\":\"nl-NL\",\"copyrightYear\":\"2026\",\"copyrightHolder\":{\"@id\":\"https:\\\/\\\/bladnanews.com\\\/nl\\\/#organization\"}},{\"@type\":\"WebPage\",\"@id\":\"https:\\\/\\\/bladnanews.com\\\/regragui-casts-doubt-on-amrabat-vs-cameroon-igamane-back\\\/\",\"url\":\"https:\\\/\\\/bladnanews.com\\\/regragui-casts-doubt-on-amrabat-vs-cameroon-igamane-back\\\/\",\"name\":\"Regragui casts doubt on Amrabat vs Cameroon, Igamane back - Bladna News\",\"isPartOf\":{\"@id\":\"https:\\\/\\\/mediumseagreen-eel-531711.hostingersite.com\\\/#website\"},\"primaryImageOfPage\":{\"@id\":\"https:\\\/\\\/bladnanews.com\\\/regragui-casts-doubt-on-amrabat-vs-cameroon-igamane-back\\\/#primaryimage\"},\"image\":{\"@id\":\"https:\\\/\\\/bladnanews.com\\\/regragui-casts-doubt-on-amrabat-vs-cameroon-igamane-back\\\/#primaryimage\"},\"thumbnailUrl\":\"https:\\\/\\\/bladnanews.com\\\/wp-content\\\/uploads\\\/2026\\\/01\\\/regragui_1767447788-1.webp\",\"datePublished\":\"2026-01-08T11:43:00+00:00\",\"breadcrumb\":{\"@id\":\"https:\\\/\\\/bladnanews.com\\\/regragui-casts-doubt-on-amrabat-vs-cameroon-igamane-back\\\/#breadcrumb\"},\"inLanguage\":\"nl-NL\",\"potentialAction\":[{\"@type\":\"ReadAction\",\"target\":[\"https:\\\/\\\/bladnanews.com\\\/regragui-casts-doubt-on-amrabat-vs-cameroon-igamane-back\\\/\"]}]},{\"@type\":\"ImageObject\",\"inLanguage\":\"nl-NL\",\"@id\":\"https:\\\/\\\/bladnanews.com\\\/regragui-casts-doubt-on-amrabat-vs-cameroon-igamane-back\\\/#primaryimage\",\"url\":\"https:\\\/\\\/bladnanews.com\\\/wp-content\\\/uploads\\\/2026\\\/01\\\/regragui_1767447788-1.webp\",\"contentUrl\":\"https:\\\/\\\/bladnanews.com\\\/wp-content\\\/uploads\\\/2026\\\/01\\\/regragui_1767447788-1.webp\",\"width\":860,\"height\":848,\"caption\":\"Walid Regragui addresses the press during a press conference, with a distinctive Moroccan football-themed ball on the table.\"},{\"@type\":\"BreadcrumbList\",\"@id\":\"https:\\\/\\\/bladnanews.com\\\/regragui-casts-doubt-on-amrabat-vs-cameroon-igamane-back\\\/#breadcrumb\",\"itemListElement\":[{\"@type\":\"ListItem\",\"position\":1,\"name\":\"Home\",\"item\":\"https:\\\/\\\/bladnanews.com\\\/\"},{\"@type\":\"ListItem\",\"position\":2,\"name\":\"Regragui casts doubt on Amrabat vs Cameroon, Igamane back\"}]},{\"@type\":\"WebSite\",\"@id\":\"https:\\\/\\\/mediumseagreen-eel-531711.hostingersite.com\\\/#website\",\"url\":\"https:\\\/\\\/mediumseagreen-eel-531711.hostingersite.com\\\/\",\"name\":\"Bladna News - Morocco\",\"description\":\"Where Moroccan Football Meets the World\",\"publisher\":{\"@id\":\"https:\\\/\\\/mediumseagreen-eel-531711.hostingersite.com\\\/#organization\"},\"potentialAction\":[{\"@type\":\"SearchAction\",\"target\":{\"@type\":\"EntryPoint\",\"urlTemplate\":\"https:\\\/\\\/mediumseagreen-eel-531711.hostingersite.com\\\/?s={search_term_string}\"},\"query-input\":{\"@type\":\"PropertyValueSpecification\",\"valueRequired\":true,\"valueName\":\"search_term_string\"}}],\"inLanguage\":\"nl-NL\"},{\"@type\":\"Organization\",\"@id\":\"https:\\\/\\\/mediumseagreen-eel-531711.hostingersite.com\\\/#organization\",\"name\":\"Bladna News.com\",\"url\":\"https:\\\/\\\/mediumseagreen-eel-531711.hostingersite.com\\\/\",\"logo\":{\"@type\":\"ImageObject\",\"inLanguage\":\"nl-NL\",\"@id\":\"https:\\\/\\\/mediumseagreen-eel-531711.hostingersite.com\\\/#\\\/schema\\\/logo\\\/image\\\/\",\"url\":\"https:\\\/\\\/bladnanews.com\\\/wp-content\\\/uploads\\\/2025\\\/12\\\/logo-bladnanews-V2-web-black-red.png\",\"contentUrl\":\"https:\\\/\\\/bladnanews.com\\\/wp-content\\\/uploads\\\/2025\\\/12\\\/logo-bladnanews-V2-web-black-red.png\",\"width\":703,\"height\":287,\"caption\":\"Bladna News.com\"},\"image\":{\"@id\":\"https:\\\/\\\/mediumseagreen-eel-531711.hostingersite.com\\\/#\\\/schema\\\/logo\\\/image\\\/\"},\"email\":\"info@bladnanews.com\",\"legalName\":\"Bladna News\"},{\"@type\":\"Person\",\"@id\":\"https:\\\/\\\/mediumseagreen-eel-531711.hostingersite.com\\\/#\\\/schema\\\/person\\\/6712b38fabe810f7eb8d15ed30d90f1e\",\"name\":\"Bladna Sports Desk\",\"url\":\"https:\\\/\\\/bladnanews.com\\\/nl\\\/author\\\/bladna-sports-desk\\\/\"}]}<\/script>\n<!-- \/ Yoast SEO Premium plugin. -->","yoast_head_json":{"title":"Regragui twijfelt aan Amrabat tegen Kameroen, Igamane terug - Bladna News","robots":{"index":"index","follow":"follow","max-snippet":"max-snippet:-1","max-image-preview":"max-image-preview:large","max-video-preview":"max-video-preview:-1"},"canonical":"https:\/\/bladnanews.com\/nl\/regragui-twijfelt-aan-amrabat-tegen-kameroen-igamane-terug\/","og_locale":"nl_NL","og_type":"article","og_title":"Regragui casts doubt on Amrabat vs Cameroon, Igamane back","og_description":"Morocco head coach Walid Regragui has raised doubts over the availability of Sofyan Amrabat for the upcoming friendly against Cameroon, [&hellip;]","og_url":"https:\/\/bladnanews.com\/nl\/regragui-twijfelt-aan-amrabat-tegen-kameroen-igamane-terug\/","og_site_name":"Bladna News","article_published_time":"2026-01-08T11:43:00+00:00","og_image":[{"width":1312,"height":736,"url":"https:\/\/bladnanews.com\/wp-content\/uploads\/2025\/12\/freepik__bladna-newscom-moroccan-soccer-homepage-banner-mor__41838.png","type":"image\/png"}],"author":"Bladna Sports Desk","twitter_card":"summary_large_image","twitter_misc":{"Geschreven door":"Bladna Sports Desk","Geschatte leestijd":"1 minuut"},"schema":{"@context":"https:\/\/schema.org","@graph":[{"@type":"Article","@id":"https:\/\/bladnanews.com\/regragui-casts-doubt-on-amrabat-vs-cameroon-igamane-back\/#article","isPartOf":{"@id":"https:\/\/bladnanews.com\/regragui-casts-doubt-on-amrabat-vs-cameroon-igamane-back\/"},"author":{"name":"Bladna Sports Desk","@id":"https:\/\/mediumseagreen-eel-531711.hostingersite.com\/#\/schema\/person\/6712b38fabe810f7eb8d15ed30d90f1e"},"headline":"Regragui casts doubt on Amrabat vs Cameroon, Igamane back","datePublished":"2026-01-08T11:43:00+00:00","mainEntityOfPage":{"@id":"https:\/\/bladnanews.com\/regragui-casts-doubt-on-amrabat-vs-cameroon-igamane-back\/"},"wordCount":216,"publisher":{"@id":"https:\/\/mediumseagreen-eel-531711.hostingersite.com\/#organization"},"image":{"@id":"https:\/\/bladnanews.com\/regragui-casts-doubt-on-amrabat-vs-cameroon-igamane-back\/#primaryimage"},"thumbnailUrl":"https:\/\/bladnanews.com\/wp-content\/uploads\/2026\/01\/regragui_1767447788-1.webp","articleSection":["Latest News","Morocco National Team"],"inLanguage":"nl-NL","copyrightYear":"2026","copyrightHolder":{"@id":"https:\/\/bladnanews.com\/nl\/#organization"}},{"@type":"WebPage","@id":"https:\/\/bladnanews.com\/regragui-casts-doubt-on-amrabat-vs-cameroon-igamane-back\/","url":"https:\/\/bladnanews.com\/regragui-casts-doubt-on-amrabat-vs-cameroon-igamane-back\/","name":"Regragui twijfelt aan Amrabat tegen Kameroen, Igamane terug - Bladna News","isPartOf":{"@id":"https:\/\/mediumseagreen-eel-531711.hostingersite.com\/#website"},"primaryImageOfPage":{"@id":"https:\/\/bladnanews.com\/regragui-casts-doubt-on-amrabat-vs-cameroon-igamane-back\/#primaryimage"},"image":{"@id":"https:\/\/bladnanews.com\/regragui-casts-doubt-on-amrabat-vs-cameroon-igamane-back\/#primaryimage"},"thumbnailUrl":"https:\/\/bladnanews.com\/wp-content\/uploads\/2026\/01\/regragui_1767447788-1.webp","datePublished":"2026-01-08T11:43:00+00:00","breadcrumb":{"@id":"https:\/\/bladnanews.com\/regragui-casts-doubt-on-amrabat-vs-cameroon-igamane-back\/#breadcrumb"},"inLanguage":"nl-NL","potentialAction":[{"@type":"ReadAction","target":["https:\/\/bladnanews.com\/regragui-casts-doubt-on-amrabat-vs-cameroon-igamane-back\/"]}]},{"@type":"ImageObject","inLanguage":"nl-NL","@id":"https:\/\/bladnanews.com\/regragui-casts-doubt-on-amrabat-vs-cameroon-igamane-back\/#primaryimage","url":"https:\/\/bladnanews.com\/wp-content\/uploads\/2026\/01\/regragui_1767447788-1.webp","contentUrl":"https:\/\/bladnanews.com\/wp-content\/uploads\/2026\/01\/regragui_1767447788-1.webp","width":860,"height":848,"caption":"Walid Regragui addresses the press during a press conference, with a distinctive Moroccan football-themed ball on the table."},{"@type":"BreadcrumbList","@id":"https:\/\/bladnanews.com\/regragui-casts-doubt-on-amrabat-vs-cameroon-igamane-back\/#breadcrumb","itemListElement":[{"@type":"ListItem","position":1,"name":"Home","item":"https:\/\/bladnanews.com\/"},{"@type":"ListItem","position":2,"name":"Regragui casts doubt on Amrabat vs Cameroon, Igamane back"}]},{"@type":"WebSite","@id":"https:\/\/mediumseagreen-eel-531711.hostingersite.com\/#website","url":"https:\/\/mediumseagreen-eel-531711.hostingersite.com\/","name":"Bladna Nieuws - Marokko","description":"Waar Marokkaans voetbal de wereld ontmoet","publisher":{"@id":"https:\/\/mediumseagreen-eel-531711.hostingersite.com\/#organization"},"potentialAction":[{"@type":"SearchAction","target":{"@type":"EntryPoint","urlTemplate":"https:\/\/mediumseagreen-eel-531711.hostingersite.com\/?s={search_term_string}"},"query-input":{"@type":"PropertyValueSpecification","valueRequired":true,"valueName":"search_term_string"}}],"inLanguage":"nl-NL"},{"@type":"Organization","@id":"https:\/\/mediumseagreen-eel-531711.hostingersite.com\/#organization","name":"Bladna Nieuws.com","url":"https:\/\/mediumseagreen-eel-531711.hostingersite.com\/","logo":{"@type":"ImageObject","inLanguage":"nl-NL","@id":"https:\/\/mediumseagreen-eel-531711.hostingersite.com\/#\/schema\/logo\/image\/","url":"https:\/\/bladnanews.com\/wp-content\/uploads\/2025\/12\/logo-bladnanews-V2-web-black-red.png","contentUrl":"https:\/\/bladnanews.com\/wp-content\/uploads\/2025\/12\/logo-bladnanews-V2-web-black-red.png","width":703,"height":287,"caption":"Bladna News.com"},"image":{"@id":"https:\/\/mediumseagreen-eel-531711.hostingersite.com\/#\/schema\/logo\/image\/"},"email":"info@bladnanews.com","legalName":"Bladna News"},{"@type":"Person","@id":"https:\/\/mediumseagreen-eel-531711.hostingersite.com\/#\/schema\/person\/6712b38fabe810f7eb8d15ed30d90f1e","name":"Bladna Sportredactie","url":"https:\/\/bladnanews.com\/nl\/author\/bladna-sports-desk\/"}]}},"_links":{"self":[{"href":"https:\/\/bladnanews.com\/nl\/wp-json\/wp\/v2\/posts\/5329","targetHints":{"allow":["GET"]}}],"collection":[{"href":"https:\/\/bladnanews.com\/nl\/wp-json\/wp\/v2\/posts"}],"about":[{"href":"https:\/\/bladnanews.com\/nl\/wp-json\/wp\/v2\/types\/post"}],"author":[{"embeddable":true,"href":"https:\/\/bladnanews.com\/nl\/wp-json\/wp\/v2\/users\/4"}],"replies":[{"embeddable":true,"href":"https:\/\/bladnanews.com\/nl\/wp-json\/wp\/v2\/comments?post=5329"}],"version-history":[{"count":0,"href":"https:\/\/bladnanews.com\/nl\/wp-json\/wp\/v2\/posts\/5329\/revisions"}],"wp:featuredmedia":[{"embeddable":true,"href":"https:\/\/bladnanews.com\/nl\/wp-json\/wp\/v2\/media\/5328"}],"wp:attachment":[{"href":"https:\/\/bladnanews.com\/nl\/wp-json\/wp\/v2\/media?parent=5329"}],"wp:term":[{"taxonomy":"category","embeddable":true,"href":"https:\/\/bladnanews.com\/nl\/wp-json\/wp\/v2\/categories?post=5329"},{"taxonomy":"post_tag","embeddable":true,"href":"https:\/\/bladnanews.com\/nl\/wp-json\/wp\/v2\/tags?post=5329"}],"curies":[{"name":"wp","href":"https:\/\/api.w.org\/{rel}","templated":true}]}}