{"id":5337,"date":"2026-01-08T12:42:06","date_gmt":"2026-01-08T12:42:06","guid":{"rendered":"https:\/\/bladnanews.com\/jude-bellingham-defends-goal-record-after-new-role-change\/"},"modified":"2026-01-08T12:42:06","modified_gmt":"2026-01-08T12:42:06","slug":"jude-bellingham-verdedigt-doelrecord-na-verandering-van-rol","status":"publish","type":"post","link":"https:\/\/bladnanews.com\/nl\/jude-bellingham-verdedigt-doelrecord-na-verandering-van-rol\/","title":{"rendered":"Jude Bellingham verdedigt doelrecord na nieuwe rolverandering"},"content":{"rendered":"<p>Jude Bellingham heeft zijn scorend vermogen bij Real Madrid verdedigd, nadat hem werd gevraagd zijn rol aan te passen na de komst van Kylian Mbapp\u00e9. Hij sprak ook zijn steun uit voor Vinicius Jr tijdens een moeilijk seizoen voor de Braziliaanse aanvaller.<\/p>\n<p>De Engelse middenvelder maakte vorig seizoen een vlammende start in Spanje, trof regelmatig het net vanuit een offensieve positie en groeide uit tot een van de belangrijkste matchwinnaars van Madrid. Dit seizoen ziet er anders uit, waarbij Bellingham vaak dieper speelt of met andere verantwoordelijkheden, aangezien Carlo Ancelotti's ploeg de aanval hervormde om Mbapp\u00e9 in het team in te passen.<\/p>\n<p>Bellingham heeft benadrukt dat de rolverandering van nature be\u00efnvloedt waar hij posities kiest en welke kansen hij krijgt, maar weersprak elk idee dat zijn productie onterecht is gedaald. Hij benadrukte dat zijn taak is om het team te helpen winnen, zelfs als dat werk betekent dat niet altijd terug te zien is in doelpuntencijfers.<\/p>\n<p>Hij greep de gelegenheid ook aan om Vinicius Jr te prijzen, omschreef de vleugelspeler als \u201celektrisch en creatief\u201d en onderstreepte hoe belangrijk hij blijft voor de speelwijze van Real Madrid. Bellingham maakte duidelijk dat hij Vinicius ziet als een beslissende speler die wedstrijden kan keren, zelfs in een seizoen met extra aandacht voor de Braziliaan.<\/p>\n<p>Ondanks de verschuivende rollen om hem heen en de aandacht die komt met het spelen naast Mbapp\u00e9, benadrukte Bellingham dat hij zich comfortabel voelt bij de aan hem gestelde eisen. Hij herhaalde dat de focus bij Madrid ligt op prestaties en resultaten, en dat individuele statistieken ondergeschikt zijn aan het succes van het team.<\/p>","protected":false},"excerpt":{"rendered":"<p>Jude Bellingham has defended his scoring record at Real Madrid after being asked to adapt his role following the arrival [&hellip;]<\/p>\n","protected":false},"author":3,"featured_media":5336,"comment_status":"","ping_status":"open","sticky":false,"template":"","format":"standard","meta":{"googlesitekit_rrm_CAow_uzEDA:productID":"","site-sidebar-layout":"default","site-content-layout":"","ast-site-content-layout":"default","site-content-style":"default","site-sidebar-style":"default","ast-global-header-display":"","ast-banner-title-visibility":"","ast-main-header-display":"","ast-hfb-above-header-display":"","ast-hfb-below-header-display":"","ast-hfb-mobile-header-display":"","site-post-title":"","ast-breadcrumbs-content":"","ast-featured-img":"","footer-sml-layout":"","ast-disable-related-posts":"","theme-transparent-header-meta":"","adv-header-id-meta":"","stick-header-meta":"","header-above-stick-meta":"","header-main-stick-meta":"","header-below-stick-meta":"","astra-migrate-meta-layouts":"default","ast-page-background-enabled":"default","ast-page-background-meta":{"desktop":{"background-color":"var(--ast-global-color-5)","background-image":"","background-repeat":"repeat","background-position":"center center","background-size":"auto","background-attachment":"scroll","background-type":"","background-media":"","overlay-type":"","overlay-color":"","overlay-opacity":"","overlay-gradient":""},"tablet":{"background-color":"","background-image":"","background-repeat":"repeat","background-position":"center center","background-size":"auto","background-attachment":"scroll","background-type":"","background-media":"","overlay-type":"","overlay-color":"","overlay-opacity":"","overlay-gradient":""},"mobile":{"background-color":"","background-image":"","background-repeat":"repeat","background-position":"center center","background-size":"auto","background-attachment":"scroll","background-type":"","background-media":"","overlay-type":"","overlay-color":"","overlay-opacity":"","overlay-gradient":""}},"ast-content-background-meta":{"desktop":{"background-color":"var(--ast-global-color-4)","background-image":"","background-repeat":"repeat","background-position":"center center","background-size":"auto","background-attachment":"scroll","background-type":"","background-media":"","overlay-type":"","overlay-color":"","overlay-opacity":"","overlay-gradient":""},"tablet":{"background-color":"var(--ast-global-color-4)","background-image":"","background-repeat":"repeat","background-position":"center center","background-size":"auto","background-attachment":"scroll","background-type":"","background-media":"","overlay-type":"","overlay-color":"","overlay-opacity":"","overlay-gradient":""},"mobile":{"background-color":"var(--ast-global-color-4)","background-image":"","background-repeat":"repeat","background-position":"center center","background-size":"auto","background-attachment":"scroll","background-type":"","background-media":"","overlay-type":"","overlay-color":"","overlay-opacity":"","overlay-gradient":""}},"footnotes":""},"categories":[20,1],"tags":[],"class_list":["post-5337","post","type-post","status-publish","format-standard","has-post-thumbnail","hentry","category-international","category-football-latest-news"],"yoast_head":"<!-- This site is optimized with the Yoast SEO Premium plugin v26.6 (Yoast SEO v27.5) - https:\/\/yoast.com\/product\/yoast-seo-premium-wordpress\/ -->\n<title>Jude Bellingham defends goal record after new role change - Bladna News<\/title>\n<meta name=\"robots\" content=\"index, follow, max-snippet:-1, max-image-preview:large, max-video-preview:-1\" \/>\n<link rel=\"canonical\" href=\"https:\/\/bladnanews.com\/nl\/jude-bellingham-verdedigt-doelrecord-na-verandering-van-rol\/\" \/>\n<meta property=\"og:locale\" content=\"nl_NL\" \/>\n<meta property=\"og:type\" content=\"article\" \/>\n<meta property=\"og:title\" content=\"Jude Bellingham defends goal record after new role change\" \/>\n<meta property=\"og:description\" content=\"Jude Bellingham has defended his scoring record at Real Madrid after being asked to adapt his role following the arrival [&hellip;]\" \/>\n<meta property=\"og:url\" content=\"https:\/\/bladnanews.com\/nl\/jude-bellingham-verdedigt-doelrecord-na-verandering-van-rol\/\" \/>\n<meta property=\"og:site_name\" content=\"Bladna News\" \/>\n<meta property=\"article:published_time\" content=\"2026-01-08T12:42:06+00:00\" \/>\n<meta property=\"og:image\" content=\"https:\/\/bladnanews.com\/wp-content\/uploads\/2025\/12\/freepik__bladna-newscom-moroccan-soccer-homepage-banner-mor__41838.png\" \/>\n\t<meta property=\"og:image:width\" content=\"1312\" \/>\n\t<meta property=\"og:image:height\" content=\"736\" \/>\n\t<meta property=\"og:image:type\" content=\"image\/png\" \/>\n<meta name=\"author\" content=\"Bladna News Staff\" \/>\n<meta name=\"twitter:card\" content=\"summary_large_image\" \/>\n<meta name=\"twitter:label1\" content=\"Geschreven door\" \/>\n\t<meta name=\"twitter:data1\" content=\"Bladna News Staff\" \/>\n\t<meta name=\"twitter:label2\" content=\"Geschatte leestijd\" \/>\n\t<meta name=\"twitter:data2\" content=\"1 minuut\" \/>\n<script type=\"application\/ld+json\" class=\"yoast-schema-graph\">{\"@context\":\"https:\\\/\\\/schema.org\",\"@graph\":[{\"@type\":\"Article\",\"@id\":\"https:\\\/\\\/bladnanews.com\\\/jude-bellingham-defends-goal-record-after-new-role-change\\\/#article\",\"isPartOf\":{\"@id\":\"https:\\\/\\\/bladnanews.com\\\/jude-bellingham-defends-goal-record-after-new-role-change\\\/\"},\"author\":{\"name\":\"Bladna News Staff\",\"@id\":\"https:\\\/\\\/mediumseagreen-eel-531711.hostingersite.com\\\/#\\\/schema\\\/person\\\/268e18a453ab080ebf76df6ef7845083\"},\"headline\":\"Jude Bellingham defends goal record after new role change\",\"datePublished\":\"2026-01-08T12:42:06+00:00\",\"mainEntityOfPage\":{\"@id\":\"https:\\\/\\\/bladnanews.com\\\/jude-bellingham-defends-goal-record-after-new-role-change\\\/\"},\"wordCount\":269,\"publisher\":{\"@id\":\"https:\\\/\\\/mediumseagreen-eel-531711.hostingersite.com\\\/#organization\"},\"image\":{\"@id\":\"https:\\\/\\\/bladnanews.com\\\/jude-bellingham-defends-goal-record-after-new-role-change\\\/#primaryimage\"},\"thumbnailUrl\":\"https:\\\/\\\/bladnanews.com\\\/wp-content\\\/uploads\\\/2026\\\/01\\\/BladnaNews-Jude-Bellingham-defends-goal-record-after-new-role-change-2026-01-08T210956.018Z.jpg\",\"articleSection\":[\"International\",\"Latest News\"],\"inLanguage\":\"nl-NL\",\"copyrightYear\":\"2026\",\"copyrightHolder\":{\"@id\":\"https:\\\/\\\/bladnanews.com\\\/nl\\\/#organization\"}},{\"@type\":\"WebPage\",\"@id\":\"https:\\\/\\\/bladnanews.com\\\/jude-bellingham-defends-goal-record-after-new-role-change\\\/\",\"url\":\"https:\\\/\\\/bladnanews.com\\\/jude-bellingham-defends-goal-record-after-new-role-change\\\/\",\"name\":\"Jude Bellingham defends goal record after new role change - Bladna News\",\"isPartOf\":{\"@id\":\"https:\\\/\\\/mediumseagreen-eel-531711.hostingersite.com\\\/#website\"},\"primaryImageOfPage\":{\"@id\":\"https:\\\/\\\/bladnanews.com\\\/jude-bellingham-defends-goal-record-after-new-role-change\\\/#primaryimage\"},\"image\":{\"@id\":\"https:\\\/\\\/bladnanews.com\\\/jude-bellingham-defends-goal-record-after-new-role-change\\\/#primaryimage\"},\"thumbnailUrl\":\"https:\\\/\\\/bladnanews.com\\\/wp-content\\\/uploads\\\/2026\\\/01\\\/BladnaNews-Jude-Bellingham-defends-goal-record-after-new-role-change-2026-01-08T210956.018Z.jpg\",\"datePublished\":\"2026-01-08T12:42:06+00:00\",\"breadcrumb\":{\"@id\":\"https:\\\/\\\/bladnanews.com\\\/jude-bellingham-defends-goal-record-after-new-role-change\\\/#breadcrumb\"},\"inLanguage\":\"nl-NL\",\"potentialAction\":[{\"@type\":\"ReadAction\",\"target\":[\"https:\\\/\\\/bladnanews.com\\\/jude-bellingham-defends-goal-record-after-new-role-change\\\/\"]}]},{\"@type\":\"ImageObject\",\"inLanguage\":\"nl-NL\",\"@id\":\"https:\\\/\\\/bladnanews.com\\\/jude-bellingham-defends-goal-record-after-new-role-change\\\/#primaryimage\",\"url\":\"https:\\\/\\\/bladnanews.com\\\/wp-content\\\/uploads\\\/2026\\\/01\\\/BladnaNews-Jude-Bellingham-defends-goal-record-after-new-role-change-2026-01-08T210956.018Z.jpg\",\"contentUrl\":\"https:\\\/\\\/bladnanews.com\\\/wp-content\\\/uploads\\\/2026\\\/01\\\/BladnaNews-Jude-Bellingham-defends-goal-record-after-new-role-change-2026-01-08T210956.018Z.jpg\",\"width\":1600,\"height\":900,\"caption\":\"Jude Bellingham, Kylian Mbapp\u00e9, and Vin\u00edcius J\u00fanior in Real Madrid kits, showcasing expressions during a match, emphasising their roles in football.\"},{\"@type\":\"BreadcrumbList\",\"@id\":\"https:\\\/\\\/bladnanews.com\\\/jude-bellingham-defends-goal-record-after-new-role-change\\\/#breadcrumb\",\"itemListElement\":[{\"@type\":\"ListItem\",\"position\":1,\"name\":\"Home\",\"item\":\"https:\\\/\\\/bladnanews.com\\\/\"},{\"@type\":\"ListItem\",\"position\":2,\"name\":\"Jude Bellingham defends goal record after new role change\"}]},{\"@type\":\"WebSite\",\"@id\":\"https:\\\/\\\/mediumseagreen-eel-531711.hostingersite.com\\\/#website\",\"url\":\"https:\\\/\\\/mediumseagreen-eel-531711.hostingersite.com\\\/\",\"name\":\"Bladna News - Morocco\",\"description\":\"Where Moroccan Football Meets the World\",\"publisher\":{\"@id\":\"https:\\\/\\\/mediumseagreen-eel-531711.hostingersite.com\\\/#organization\"},\"potentialAction\":[{\"@type\":\"SearchAction\",\"target\":{\"@type\":\"EntryPoint\",\"urlTemplate\":\"https:\\\/\\\/mediumseagreen-eel-531711.hostingersite.com\\\/?s={search_term_string}\"},\"query-input\":{\"@type\":\"PropertyValueSpecification\",\"valueRequired\":true,\"valueName\":\"search_term_string\"}}],\"inLanguage\":\"nl-NL\"},{\"@type\":\"Organization\",\"@id\":\"https:\\\/\\\/mediumseagreen-eel-531711.hostingersite.com\\\/#organization\",\"name\":\"Bladna News.com\",\"url\":\"https:\\\/\\\/mediumseagreen-eel-531711.hostingersite.com\\\/\",\"logo\":{\"@type\":\"ImageObject\",\"inLanguage\":\"nl-NL\",\"@id\":\"https:\\\/\\\/mediumseagreen-eel-531711.hostingersite.com\\\/#\\\/schema\\\/logo\\\/image\\\/\",\"url\":\"https:\\\/\\\/bladnanews.com\\\/wp-content\\\/uploads\\\/2025\\\/12\\\/logo-bladnanews-V2-web-black-red.png\",\"contentUrl\":\"https:\\\/\\\/bladnanews.com\\\/wp-content\\\/uploads\\\/2025\\\/12\\\/logo-bladnanews-V2-web-black-red.png\",\"width\":703,\"height\":287,\"caption\":\"Bladna News.com\"},\"image\":{\"@id\":\"https:\\\/\\\/mediumseagreen-eel-531711.hostingersite.com\\\/#\\\/schema\\\/logo\\\/image\\\/\"},\"email\":\"info@bladnanews.com\",\"legalName\":\"Bladna News\"},{\"@type\":\"Person\",\"@id\":\"https:\\\/\\\/mediumseagreen-eel-531711.hostingersite.com\\\/#\\\/schema\\\/person\\\/268e18a453ab080ebf76df6ef7845083\",\"name\":\"Bladna News Staff\",\"url\":\"https:\\\/\\\/bladnanews.com\\\/nl\\\/author\\\/bladna-news-staff\\\/\"}]}<\/script>\n<!-- \/ Yoast SEO Premium plugin. -->","yoast_head_json":{"title":"Jude Bellingham verdedigt doelpuntrecord na nieuwe rolverandering - Bladna News","robots":{"index":"index","follow":"follow","max-snippet":"max-snippet:-1","max-image-preview":"max-image-preview:large","max-video-preview":"max-video-preview:-1"},"canonical":"https:\/\/bladnanews.com\/nl\/jude-bellingham-verdedigt-doelrecord-na-verandering-van-rol\/","og_locale":"nl_NL","og_type":"article","og_title":"Jude Bellingham defends goal record after new role change","og_description":"Jude Bellingham has defended his scoring record at Real Madrid after being asked to adapt his role following the arrival [&hellip;]","og_url":"https:\/\/bladnanews.com\/nl\/jude-bellingham-verdedigt-doelrecord-na-verandering-van-rol\/","og_site_name":"Bladna News","article_published_time":"2026-01-08T12:42:06+00:00","og_image":[{"width":1312,"height":736,"url":"https:\/\/bladnanews.com\/wp-content\/uploads\/2025\/12\/freepik__bladna-newscom-moroccan-soccer-homepage-banner-mor__41838.png","type":"image\/png"}],"author":"Bladna News Staff","twitter_card":"summary_large_image","twitter_misc":{"Geschreven door":"Bladna News Staff","Geschatte leestijd":"1 minuut"},"schema":{"@context":"https:\/\/schema.org","@graph":[{"@type":"Article","@id":"https:\/\/bladnanews.com\/jude-bellingham-defends-goal-record-after-new-role-change\/#article","isPartOf":{"@id":"https:\/\/bladnanews.com\/jude-bellingham-defends-goal-record-after-new-role-change\/"},"author":{"name":"Bladna News Staff","@id":"https:\/\/mediumseagreen-eel-531711.hostingersite.com\/#\/schema\/person\/268e18a453ab080ebf76df6ef7845083"},"headline":"Jude Bellingham defends goal record after new role change","datePublished":"2026-01-08T12:42:06+00:00","mainEntityOfPage":{"@id":"https:\/\/bladnanews.com\/jude-bellingham-defends-goal-record-after-new-role-change\/"},"wordCount":269,"publisher":{"@id":"https:\/\/mediumseagreen-eel-531711.hostingersite.com\/#organization"},"image":{"@id":"https:\/\/bladnanews.com\/jude-bellingham-defends-goal-record-after-new-role-change\/#primaryimage"},"thumbnailUrl":"https:\/\/bladnanews.com\/wp-content\/uploads\/2026\/01\/BladnaNews-Jude-Bellingham-defends-goal-record-after-new-role-change-2026-01-08T210956.018Z.jpg","articleSection":["International","Latest News"],"inLanguage":"nl-NL","copyrightYear":"2026","copyrightHolder":{"@id":"https:\/\/bladnanews.com\/nl\/#organization"}},{"@type":"WebPage","@id":"https:\/\/bladnanews.com\/jude-bellingham-defends-goal-record-after-new-role-change\/","url":"https:\/\/bladnanews.com\/jude-bellingham-defends-goal-record-after-new-role-change\/","name":"Jude Bellingham verdedigt doelpuntrecord na nieuwe rolverandering - Bladna News","isPartOf":{"@id":"https:\/\/mediumseagreen-eel-531711.hostingersite.com\/#website"},"primaryImageOfPage":{"@id":"https:\/\/bladnanews.com\/jude-bellingham-defends-goal-record-after-new-role-change\/#primaryimage"},"image":{"@id":"https:\/\/bladnanews.com\/jude-bellingham-defends-goal-record-after-new-role-change\/#primaryimage"},"thumbnailUrl":"https:\/\/bladnanews.com\/wp-content\/uploads\/2026\/01\/BladnaNews-Jude-Bellingham-defends-goal-record-after-new-role-change-2026-01-08T210956.018Z.jpg","datePublished":"2026-01-08T12:42:06+00:00","breadcrumb":{"@id":"https:\/\/bladnanews.com\/jude-bellingham-defends-goal-record-after-new-role-change\/#breadcrumb"},"inLanguage":"nl-NL","potentialAction":[{"@type":"ReadAction","target":["https:\/\/bladnanews.com\/jude-bellingham-defends-goal-record-after-new-role-change\/"]}]},{"@type":"ImageObject","inLanguage":"nl-NL","@id":"https:\/\/bladnanews.com\/jude-bellingham-defends-goal-record-after-new-role-change\/#primaryimage","url":"https:\/\/bladnanews.com\/wp-content\/uploads\/2026\/01\/BladnaNews-Jude-Bellingham-defends-goal-record-after-new-role-change-2026-01-08T210956.018Z.jpg","contentUrl":"https:\/\/bladnanews.com\/wp-content\/uploads\/2026\/01\/BladnaNews-Jude-Bellingham-defends-goal-record-after-new-role-change-2026-01-08T210956.018Z.jpg","width":1600,"height":900,"caption":"Jude Bellingham, Kylian Mbapp\u00e9, and Vin\u00edcius J\u00fanior in Real Madrid kits, showcasing expressions during a match, emphasising their roles in football."},{"@type":"BreadcrumbList","@id":"https:\/\/bladnanews.com\/jude-bellingham-defends-goal-record-after-new-role-change\/#breadcrumb","itemListElement":[{"@type":"ListItem","position":1,"name":"Home","item":"https:\/\/bladnanews.com\/"},{"@type":"ListItem","position":2,"name":"Jude Bellingham defends goal record after new role change"}]},{"@type":"WebSite","@id":"https:\/\/mediumseagreen-eel-531711.hostingersite.com\/#website","url":"https:\/\/mediumseagreen-eel-531711.hostingersite.com\/","name":"Bladna Nieuws - Marokko","description":"Waar Marokkaans voetbal de wereld ontmoet","publisher":{"@id":"https:\/\/mediumseagreen-eel-531711.hostingersite.com\/#organization"},"potentialAction":[{"@type":"SearchAction","target":{"@type":"EntryPoint","urlTemplate":"https:\/\/mediumseagreen-eel-531711.hostingersite.com\/?s={search_term_string}"},"query-input":{"@type":"PropertyValueSpecification","valueRequired":true,"valueName":"search_term_string"}}],"inLanguage":"nl-NL"},{"@type":"Organization","@id":"https:\/\/mediumseagreen-eel-531711.hostingersite.com\/#organization","name":"Bladna Nieuws.com","url":"https:\/\/mediumseagreen-eel-531711.hostingersite.com\/","logo":{"@type":"ImageObject","inLanguage":"nl-NL","@id":"https:\/\/mediumseagreen-eel-531711.hostingersite.com\/#\/schema\/logo\/image\/","url":"https:\/\/bladnanews.com\/wp-content\/uploads\/2025\/12\/logo-bladnanews-V2-web-black-red.png","contentUrl":"https:\/\/bladnanews.com\/wp-content\/uploads\/2025\/12\/logo-bladnanews-V2-web-black-red.png","width":703,"height":287,"caption":"Bladna News.com"},"image":{"@id":"https:\/\/mediumseagreen-eel-531711.hostingersite.com\/#\/schema\/logo\/image\/"},"email":"info@bladnanews.com","legalName":"Bladna News"},{"@type":"Person","@id":"https:\/\/mediumseagreen-eel-531711.hostingersite.com\/#\/schema\/person\/268e18a453ab080ebf76df6ef7845083","name":"Bladna Nieuwsredactie","url":"https:\/\/bladnanews.com\/nl\/author\/bladna-news-staff\/"}]}},"_links":{"self":[{"href":"https:\/\/bladnanews.com\/nl\/wp-json\/wp\/v2\/posts\/5337","targetHints":{"allow":["GET"]}}],"collection":[{"href":"https:\/\/bladnanews.com\/nl\/wp-json\/wp\/v2\/posts"}],"about":[{"href":"https:\/\/bladnanews.com\/nl\/wp-json\/wp\/v2\/types\/post"}],"author":[{"embeddable":true,"href":"https:\/\/bladnanews.com\/nl\/wp-json\/wp\/v2\/users\/3"}],"replies":[{"embeddable":true,"href":"https:\/\/bladnanews.com\/nl\/wp-json\/wp\/v2\/comments?post=5337"}],"version-history":[{"count":0,"href":"https:\/\/bladnanews.com\/nl\/wp-json\/wp\/v2\/posts\/5337\/revisions"}],"wp:featuredmedia":[{"embeddable":true,"href":"https:\/\/bladnanews.com\/nl\/wp-json\/wp\/v2\/media\/5336"}],"wp:attachment":[{"href":"https:\/\/bladnanews.com\/nl\/wp-json\/wp\/v2\/media?parent=5337"}],"wp:term":[{"taxonomy":"category","embeddable":true,"href":"https:\/\/bladnanews.com\/nl\/wp-json\/wp\/v2\/categories?post=5337"},{"taxonomy":"post_tag","embeddable":true,"href":"https:\/\/bladnanews.com\/nl\/wp-json\/wp\/v2\/tags?post=5337"}],"curies":[{"name":"wp","href":"https:\/\/api.w.org\/{rel}","templated":true}]}}