{"id":5893,"date":"2026-01-11T15:50:36","date_gmt":"2026-01-11T15:50:36","guid":{"rendered":"https:\/\/bladnanews.com\/portugal-outline-world-cup-plan-as-ronaldo-faces-competition\/"},"modified":"2026-01-11T15:50:36","modified_gmt":"2026-01-11T15:50:36","slug":"portugal-schetst-wk-plan-terwijl-ronaldo-concurrentie-tegemoet-treedt","status":"publish","type":"post","link":"https:\/\/bladnanews.com\/nl\/portugal-schetst-wk-plan-terwijl-ronaldo-concurrentie-tegemoet-treedt\/","title":{"rendered":"Portugal schetst WK-plan terwijl Ronaldo concurrentie ondervindt"},"content":{"rendered":"<p>Cristiano Ronaldo krijgt te maken met toenemende concurrentie in de aanval van Portugal, nu het nationale team onder leiding van bondscoach Roberto Mart\u00ednez zijn routekaart naar het WK 2026 begint vorm te geven.<\/p>\n<p>Portugal heeft duidelijk gemaakt dat het met de toekomst in het achterhoofd aan het bouwen is, waarbij Mart\u00ednez de nadruk legt op de behoefte aan diepte en opties in de selectie in plaats van afhankelijkheid van \u00e9\u00e9n naam. De coach heeft gesproken over het cre\u00ebren van interne concurrentie en ervoor zorgen dat elke aanvaller klaar is om een bijdrage te leveren wanneer kwalificatiewedstrijden en toernooien aanbreken.<\/p>\n<p>Ronaldo, die een sleutelfiguur blijft, is niet langer het enige automatische aanspreekpunt. De voorraad aanvallers van Portugal is uitgebreid, en Mart\u00ednez heeft benadrukt dat posities verdiend moeten worden door prestaties en wat spelers in elke wedstrijd aan het team toevoegen.<\/p>\n<p>Mart\u00ednez ging ook in op zijn eerdere beslissing om Ronaldo in het verleden op de bank te laten beginnen, waarbij hij de gedachtegang achter het omgaan met grote spelers en het belang van doen wat het beste is voor de groep uitlegde. Zijn opmerkingen kwamen terwijl Portugal in zijn lange termijnplan ervaring blijft afwegen tegen opkomend talent.<\/p>\n<p>De coach wees bovendien op de waarde van een oefenwedstrijd tegen de Verenigde Staten en beschreef dit als een belangrijke test. Mart\u00ednez benadrukte de voordelen van het spelen tegen tegenstanders uit verschillende voetbalculturen, terwijl Portugal zich voorbereidt op de specifieke eisen die het onderweg naar het WK zal tegenkomen.<\/p>\n<p>Met het toernooi in 2026 nu als duidelijk doel, is de boodschap van Portugal dat het project groter is dan welk individu dan ook. Ronaldo's aanwezigheid doet er nog steeds toe, maar de concurrentie om hem heen neemt toe, nu Mart\u00ednez een selectie probeert op te bouwen die in staat is op het hoogste niveau uit te dagen.<\/p>","protected":false},"excerpt":{"rendered":"<p>Cristiano Ronaldo is facing growing competition in Portugal\u2019s attack as the national team begins to shape its roadmap to the [&hellip;]<\/p>\n","protected":false},"author":3,"featured_media":5892,"comment_status":"","ping_status":"open","sticky":false,"template":"","format":"standard","meta":{"googlesitekit_rrm_CAow_uzEDA:productID":"","site-sidebar-layout":"default","site-content-layout":"","ast-site-content-layout":"default","site-content-style":"default","site-sidebar-style":"default","ast-global-header-display":"","ast-banner-title-visibility":"","ast-main-header-display":"","ast-hfb-above-header-display":"","ast-hfb-below-header-display":"","ast-hfb-mobile-header-display":"","site-post-title":"","ast-breadcrumbs-content":"","ast-featured-img":"","footer-sml-layout":"","ast-disable-related-posts":"","theme-transparent-header-meta":"","adv-header-id-meta":"","stick-header-meta":"","header-above-stick-meta":"","header-main-stick-meta":"","header-below-stick-meta":"","astra-migrate-meta-layouts":"default","ast-page-background-enabled":"default","ast-page-background-meta":{"desktop":{"background-color":"var(--ast-global-color-5)","background-image":"","background-repeat":"repeat","background-position":"center center","background-size":"auto","background-attachment":"scroll","background-type":"","background-media":"","overlay-type":"","overlay-color":"","overlay-opacity":"","overlay-gradient":""},"tablet":{"background-color":"","background-image":"","background-repeat":"repeat","background-position":"center center","background-size":"auto","background-attachment":"scroll","background-type":"","background-media":"","overlay-type":"","overlay-color":"","overlay-opacity":"","overlay-gradient":""},"mobile":{"background-color":"","background-image":"","background-repeat":"repeat","background-position":"center center","background-size":"auto","background-attachment":"scroll","background-type":"","background-media":"","overlay-type":"","overlay-color":"","overlay-opacity":"","overlay-gradient":""}},"ast-content-background-meta":{"desktop":{"background-color":"var(--ast-global-color-4)","background-image":"","background-repeat":"repeat","background-position":"center center","background-size":"auto","background-attachment":"scroll","background-type":"","background-media":"","overlay-type":"","overlay-color":"","overlay-opacity":"","overlay-gradient":""},"tablet":{"background-color":"var(--ast-global-color-4)","background-image":"","background-repeat":"repeat","background-position":"center center","background-size":"auto","background-attachment":"scroll","background-type":"","background-media":"","overlay-type":"","overlay-color":"","overlay-opacity":"","overlay-gradient":""},"mobile":{"background-color":"var(--ast-global-color-4)","background-image":"","background-repeat":"repeat","background-position":"center center","background-size":"auto","background-attachment":"scroll","background-type":"","background-media":"","overlay-type":"","overlay-color":"","overlay-opacity":"","overlay-gradient":""}},"footnotes":""},"categories":[20,1],"tags":[],"class_list":["post-5893","post","type-post","status-publish","format-standard","has-post-thumbnail","hentry","category-international","category-football-latest-news"],"yoast_head":"<!-- This site is optimized with the Yoast SEO Premium plugin v26.6 (Yoast SEO v27.5) - https:\/\/yoast.com\/product\/yoast-seo-premium-wordpress\/ -->\n<title>Portugal outline World Cup plan as Ronaldo faces competition - Bladna News<\/title>\n<meta name=\"robots\" content=\"index, follow, max-snippet:-1, max-image-preview:large, max-video-preview:-1\" \/>\n<link rel=\"canonical\" href=\"https:\/\/bladnanews.com\/nl\/portugal-schetst-wk-plan-terwijl-ronaldo-concurrentie-tegemoet-treedt\/\" \/>\n<meta property=\"og:locale\" content=\"nl_NL\" \/>\n<meta property=\"og:type\" content=\"article\" \/>\n<meta property=\"og:title\" content=\"Portugal outline World Cup plan as Ronaldo faces competition\" \/>\n<meta property=\"og:description\" content=\"Cristiano Ronaldo is facing growing competition in Portugal\u2019s attack as the national team begins to shape its roadmap to the [&hellip;]\" \/>\n<meta property=\"og:url\" content=\"https:\/\/bladnanews.com\/nl\/portugal-schetst-wk-plan-terwijl-ronaldo-concurrentie-tegemoet-treedt\/\" \/>\n<meta property=\"og:site_name\" content=\"Bladna News\" \/>\n<meta property=\"article:published_time\" content=\"2026-01-11T15:50:36+00:00\" \/>\n<meta property=\"og:image\" content=\"https:\/\/bladnanews.com\/wp-content\/uploads\/2025\/12\/freepik__bladna-newscom-moroccan-soccer-homepage-banner-mor__41838.png\" \/>\n\t<meta property=\"og:image:width\" content=\"1312\" \/>\n\t<meta property=\"og:image:height\" content=\"736\" \/>\n\t<meta property=\"og:image:type\" content=\"image\/png\" \/>\n<meta name=\"author\" content=\"Bladna News Staff\" \/>\n<meta name=\"twitter:card\" content=\"summary_large_image\" \/>\n<meta name=\"twitter:label1\" content=\"Geschreven door\" \/>\n\t<meta name=\"twitter:data1\" content=\"Bladna News Staff\" \/>\n\t<meta name=\"twitter:label2\" content=\"Geschatte leestijd\" \/>\n\t<meta name=\"twitter:data2\" content=\"1 minuut\" \/>\n<script type=\"application\/ld+json\" class=\"yoast-schema-graph\">{\"@context\":\"https:\\\/\\\/schema.org\",\"@graph\":[{\"@type\":\"Article\",\"@id\":\"https:\\\/\\\/bladnanews.com\\\/portugal-outline-world-cup-plan-as-ronaldo-faces-competition\\\/#article\",\"isPartOf\":{\"@id\":\"https:\\\/\\\/bladnanews.com\\\/portugal-outline-world-cup-plan-as-ronaldo-faces-competition\\\/\"},\"author\":{\"name\":\"Bladna News Staff\",\"@id\":\"https:\\\/\\\/mediumseagreen-eel-531711.hostingersite.com\\\/#\\\/schema\\\/person\\\/268e18a453ab080ebf76df6ef7845083\"},\"headline\":\"Portugal outline World Cup plan as Ronaldo faces competition\",\"datePublished\":\"2026-01-11T15:50:36+00:00\",\"mainEntityOfPage\":{\"@id\":\"https:\\\/\\\/bladnanews.com\\\/portugal-outline-world-cup-plan-as-ronaldo-faces-competition\\\/\"},\"wordCount\":270,\"publisher\":{\"@id\":\"https:\\\/\\\/mediumseagreen-eel-531711.hostingersite.com\\\/#organization\"},\"image\":{\"@id\":\"https:\\\/\\\/bladnanews.com\\\/portugal-outline-world-cup-plan-as-ronaldo-faces-competition\\\/#primaryimage\"},\"thumbnailUrl\":\"https:\\\/\\\/bladnanews.com\\\/wp-content\\\/uploads\\\/2026\\\/01\\\/BladnaNews-Portugal-outline-World-Cup-plan-as-Ronaldo-faces-competition-2026-01-12T050951.288Z.jpg\",\"articleSection\":[\"International\",\"Latest News\"],\"inLanguage\":\"nl-NL\",\"copyrightYear\":\"2026\",\"copyrightHolder\":{\"@id\":\"https:\\\/\\\/bladnanews.com\\\/nl\\\/#organization\"}},{\"@type\":\"WebPage\",\"@id\":\"https:\\\/\\\/bladnanews.com\\\/portugal-outline-world-cup-plan-as-ronaldo-faces-competition\\\/\",\"url\":\"https:\\\/\\\/bladnanews.com\\\/portugal-outline-world-cup-plan-as-ronaldo-faces-competition\\\/\",\"name\":\"Portugal outline World Cup plan as Ronaldo faces competition - Bladna News\",\"isPartOf\":{\"@id\":\"https:\\\/\\\/mediumseagreen-eel-531711.hostingersite.com\\\/#website\"},\"primaryImageOfPage\":{\"@id\":\"https:\\\/\\\/bladnanews.com\\\/portugal-outline-world-cup-plan-as-ronaldo-faces-competition\\\/#primaryimage\"},\"image\":{\"@id\":\"https:\\\/\\\/bladnanews.com\\\/portugal-outline-world-cup-plan-as-ronaldo-faces-competition\\\/#primaryimage\"},\"thumbnailUrl\":\"https:\\\/\\\/bladnanews.com\\\/wp-content\\\/uploads\\\/2026\\\/01\\\/BladnaNews-Portugal-outline-World-Cup-plan-as-Ronaldo-faces-competition-2026-01-12T050951.288Z.jpg\",\"datePublished\":\"2026-01-11T15:50:36+00:00\",\"breadcrumb\":{\"@id\":\"https:\\\/\\\/bladnanews.com\\\/portugal-outline-world-cup-plan-as-ronaldo-faces-competition\\\/#breadcrumb\"},\"inLanguage\":\"nl-NL\",\"potentialAction\":[{\"@type\":\"ReadAction\",\"target\":[\"https:\\\/\\\/bladnanews.com\\\/portugal-outline-world-cup-plan-as-ronaldo-faces-competition\\\/\"]}]},{\"@type\":\"ImageObject\",\"inLanguage\":\"nl-NL\",\"@id\":\"https:\\\/\\\/bladnanews.com\\\/portugal-outline-world-cup-plan-as-ronaldo-faces-competition\\\/#primaryimage\",\"url\":\"https:\\\/\\\/bladnanews.com\\\/wp-content\\\/uploads\\\/2026\\\/01\\\/BladnaNews-Portugal-outline-World-Cup-plan-as-Ronaldo-faces-competition-2026-01-12T050951.288Z.jpg\",\"contentUrl\":\"https:\\\/\\\/bladnanews.com\\\/wp-content\\\/uploads\\\/2026\\\/01\\\/BladnaNews-Portugal-outline-World-Cup-plan-as-Ronaldo-faces-competition-2026-01-12T050951.288Z.jpg\",\"width\":1920,\"height\":1080,\"caption\":\"Cristiano Ronaldo applauding fans in a white Portugal kit with colourful designs, showing a mixed expression during a match.\"},{\"@type\":\"BreadcrumbList\",\"@id\":\"https:\\\/\\\/bladnanews.com\\\/portugal-outline-world-cup-plan-as-ronaldo-faces-competition\\\/#breadcrumb\",\"itemListElement\":[{\"@type\":\"ListItem\",\"position\":1,\"name\":\"Home\",\"item\":\"https:\\\/\\\/bladnanews.com\\\/\"},{\"@type\":\"ListItem\",\"position\":2,\"name\":\"Portugal outline World Cup plan as Ronaldo faces competition\"}]},{\"@type\":\"WebSite\",\"@id\":\"https:\\\/\\\/mediumseagreen-eel-531711.hostingersite.com\\\/#website\",\"url\":\"https:\\\/\\\/mediumseagreen-eel-531711.hostingersite.com\\\/\",\"name\":\"Bladna News - Morocco\",\"description\":\"Where Moroccan Football Meets the World\",\"publisher\":{\"@id\":\"https:\\\/\\\/mediumseagreen-eel-531711.hostingersite.com\\\/#organization\"},\"potentialAction\":[{\"@type\":\"SearchAction\",\"target\":{\"@type\":\"EntryPoint\",\"urlTemplate\":\"https:\\\/\\\/mediumseagreen-eel-531711.hostingersite.com\\\/?s={search_term_string}\"},\"query-input\":{\"@type\":\"PropertyValueSpecification\",\"valueRequired\":true,\"valueName\":\"search_term_string\"}}],\"inLanguage\":\"nl-NL\"},{\"@type\":\"Organization\",\"@id\":\"https:\\\/\\\/mediumseagreen-eel-531711.hostingersite.com\\\/#organization\",\"name\":\"Bladna News.com\",\"url\":\"https:\\\/\\\/mediumseagreen-eel-531711.hostingersite.com\\\/\",\"logo\":{\"@type\":\"ImageObject\",\"inLanguage\":\"nl-NL\",\"@id\":\"https:\\\/\\\/mediumseagreen-eel-531711.hostingersite.com\\\/#\\\/schema\\\/logo\\\/image\\\/\",\"url\":\"https:\\\/\\\/bladnanews.com\\\/wp-content\\\/uploads\\\/2025\\\/12\\\/logo-bladnanews-V2-web-black-red.png\",\"contentUrl\":\"https:\\\/\\\/bladnanews.com\\\/wp-content\\\/uploads\\\/2025\\\/12\\\/logo-bladnanews-V2-web-black-red.png\",\"width\":703,\"height\":287,\"caption\":\"Bladna News.com\"},\"image\":{\"@id\":\"https:\\\/\\\/mediumseagreen-eel-531711.hostingersite.com\\\/#\\\/schema\\\/logo\\\/image\\\/\"},\"email\":\"info@bladnanews.com\",\"legalName\":\"Bladna News\"},{\"@type\":\"Person\",\"@id\":\"https:\\\/\\\/mediumseagreen-eel-531711.hostingersite.com\\\/#\\\/schema\\\/person\\\/268e18a453ab080ebf76df6ef7845083\",\"name\":\"Bladna News Staff\",\"url\":\"https:\\\/\\\/bladnanews.com\\\/nl\\\/author\\\/bladna-news-staff\\\/\"}]}<\/script>\n<!-- \/ Yoast SEO Premium plugin. -->","yoast_head_json":{"title":"Portugal schetst WK-plan terwijl Ronaldo concurrentie tegemoet gaat - Bladna Nieuws","robots":{"index":"index","follow":"follow","max-snippet":"max-snippet:-1","max-image-preview":"max-image-preview:large","max-video-preview":"max-video-preview:-1"},"canonical":"https:\/\/bladnanews.com\/nl\/portugal-schetst-wk-plan-terwijl-ronaldo-concurrentie-tegemoet-treedt\/","og_locale":"nl_NL","og_type":"article","og_title":"Portugal outline World Cup plan as Ronaldo faces competition","og_description":"Cristiano Ronaldo is facing growing competition in Portugal\u2019s attack as the national team begins to shape its roadmap to the [&hellip;]","og_url":"https:\/\/bladnanews.com\/nl\/portugal-schetst-wk-plan-terwijl-ronaldo-concurrentie-tegemoet-treedt\/","og_site_name":"Bladna News","article_published_time":"2026-01-11T15:50:36+00:00","og_image":[{"width":1312,"height":736,"url":"https:\/\/bladnanews.com\/wp-content\/uploads\/2025\/12\/freepik__bladna-newscom-moroccan-soccer-homepage-banner-mor__41838.png","type":"image\/png"}],"author":"Bladna News Staff","twitter_card":"summary_large_image","twitter_misc":{"Geschreven door":"Bladna News Staff","Geschatte leestijd":"1 minuut"},"schema":{"@context":"https:\/\/schema.org","@graph":[{"@type":"Article","@id":"https:\/\/bladnanews.com\/portugal-outline-world-cup-plan-as-ronaldo-faces-competition\/#article","isPartOf":{"@id":"https:\/\/bladnanews.com\/portugal-outline-world-cup-plan-as-ronaldo-faces-competition\/"},"author":{"name":"Bladna News Staff","@id":"https:\/\/mediumseagreen-eel-531711.hostingersite.com\/#\/schema\/person\/268e18a453ab080ebf76df6ef7845083"},"headline":"Portugal outline World Cup plan as Ronaldo faces competition","datePublished":"2026-01-11T15:50:36+00:00","mainEntityOfPage":{"@id":"https:\/\/bladnanews.com\/portugal-outline-world-cup-plan-as-ronaldo-faces-competition\/"},"wordCount":270,"publisher":{"@id":"https:\/\/mediumseagreen-eel-531711.hostingersite.com\/#organization"},"image":{"@id":"https:\/\/bladnanews.com\/portugal-outline-world-cup-plan-as-ronaldo-faces-competition\/#primaryimage"},"thumbnailUrl":"https:\/\/bladnanews.com\/wp-content\/uploads\/2026\/01\/BladnaNews-Portugal-outline-World-Cup-plan-as-Ronaldo-faces-competition-2026-01-12T050951.288Z.jpg","articleSection":["International","Latest News"],"inLanguage":"nl-NL","copyrightYear":"2026","copyrightHolder":{"@id":"https:\/\/bladnanews.com\/nl\/#organization"}},{"@type":"WebPage","@id":"https:\/\/bladnanews.com\/portugal-outline-world-cup-plan-as-ronaldo-faces-competition\/","url":"https:\/\/bladnanews.com\/portugal-outline-world-cup-plan-as-ronaldo-faces-competition\/","name":"Portugal schetst WK-plan terwijl Ronaldo concurrentie tegemoet gaat - Bladna Nieuws","isPartOf":{"@id":"https:\/\/mediumseagreen-eel-531711.hostingersite.com\/#website"},"primaryImageOfPage":{"@id":"https:\/\/bladnanews.com\/portugal-outline-world-cup-plan-as-ronaldo-faces-competition\/#primaryimage"},"image":{"@id":"https:\/\/bladnanews.com\/portugal-outline-world-cup-plan-as-ronaldo-faces-competition\/#primaryimage"},"thumbnailUrl":"https:\/\/bladnanews.com\/wp-content\/uploads\/2026\/01\/BladnaNews-Portugal-outline-World-Cup-plan-as-Ronaldo-faces-competition-2026-01-12T050951.288Z.jpg","datePublished":"2026-01-11T15:50:36+00:00","breadcrumb":{"@id":"https:\/\/bladnanews.com\/portugal-outline-world-cup-plan-as-ronaldo-faces-competition\/#breadcrumb"},"inLanguage":"nl-NL","potentialAction":[{"@type":"ReadAction","target":["https:\/\/bladnanews.com\/portugal-outline-world-cup-plan-as-ronaldo-faces-competition\/"]}]},{"@type":"ImageObject","inLanguage":"nl-NL","@id":"https:\/\/bladnanews.com\/portugal-outline-world-cup-plan-as-ronaldo-faces-competition\/#primaryimage","url":"https:\/\/bladnanews.com\/wp-content\/uploads\/2026\/01\/BladnaNews-Portugal-outline-World-Cup-plan-as-Ronaldo-faces-competition-2026-01-12T050951.288Z.jpg","contentUrl":"https:\/\/bladnanews.com\/wp-content\/uploads\/2026\/01\/BladnaNews-Portugal-outline-World-Cup-plan-as-Ronaldo-faces-competition-2026-01-12T050951.288Z.jpg","width":1920,"height":1080,"caption":"Cristiano Ronaldo applauding fans in a white Portugal kit with colourful designs, showing a mixed expression during a match."},{"@type":"BreadcrumbList","@id":"https:\/\/bladnanews.com\/portugal-outline-world-cup-plan-as-ronaldo-faces-competition\/#breadcrumb","itemListElement":[{"@type":"ListItem","position":1,"name":"Home","item":"https:\/\/bladnanews.com\/"},{"@type":"ListItem","position":2,"name":"Portugal outline World Cup plan as Ronaldo faces competition"}]},{"@type":"WebSite","@id":"https:\/\/mediumseagreen-eel-531711.hostingersite.com\/#website","url":"https:\/\/mediumseagreen-eel-531711.hostingersite.com\/","name":"Bladna Nieuws - Marokko","description":"Waar Marokkaans voetbal de wereld ontmoet","publisher":{"@id":"https:\/\/mediumseagreen-eel-531711.hostingersite.com\/#organization"},"potentialAction":[{"@type":"SearchAction","target":{"@type":"EntryPoint","urlTemplate":"https:\/\/mediumseagreen-eel-531711.hostingersite.com\/?s={search_term_string}"},"query-input":{"@type":"PropertyValueSpecification","valueRequired":true,"valueName":"search_term_string"}}],"inLanguage":"nl-NL"},{"@type":"Organization","@id":"https:\/\/mediumseagreen-eel-531711.hostingersite.com\/#organization","name":"Bladna Nieuws.com","url":"https:\/\/mediumseagreen-eel-531711.hostingersite.com\/","logo":{"@type":"ImageObject","inLanguage":"nl-NL","@id":"https:\/\/mediumseagreen-eel-531711.hostingersite.com\/#\/schema\/logo\/image\/","url":"https:\/\/bladnanews.com\/wp-content\/uploads\/2025\/12\/logo-bladnanews-V2-web-black-red.png","contentUrl":"https:\/\/bladnanews.com\/wp-content\/uploads\/2025\/12\/logo-bladnanews-V2-web-black-red.png","width":703,"height":287,"caption":"Bladna News.com"},"image":{"@id":"https:\/\/mediumseagreen-eel-531711.hostingersite.com\/#\/schema\/logo\/image\/"},"email":"info@bladnanews.com","legalName":"Bladna News"},{"@type":"Person","@id":"https:\/\/mediumseagreen-eel-531711.hostingersite.com\/#\/schema\/person\/268e18a453ab080ebf76df6ef7845083","name":"Bladna Nieuwsredactie","url":"https:\/\/bladnanews.com\/nl\/author\/bladna-news-staff\/"}]}},"_links":{"self":[{"href":"https:\/\/bladnanews.com\/nl\/wp-json\/wp\/v2\/posts\/5893","targetHints":{"allow":["GET"]}}],"collection":[{"href":"https:\/\/bladnanews.com\/nl\/wp-json\/wp\/v2\/posts"}],"about":[{"href":"https:\/\/bladnanews.com\/nl\/wp-json\/wp\/v2\/types\/post"}],"author":[{"embeddable":true,"href":"https:\/\/bladnanews.com\/nl\/wp-json\/wp\/v2\/users\/3"}],"replies":[{"embeddable":true,"href":"https:\/\/bladnanews.com\/nl\/wp-json\/wp\/v2\/comments?post=5893"}],"version-history":[{"count":0,"href":"https:\/\/bladnanews.com\/nl\/wp-json\/wp\/v2\/posts\/5893\/revisions"}],"wp:featuredmedia":[{"embeddable":true,"href":"https:\/\/bladnanews.com\/nl\/wp-json\/wp\/v2\/media\/5892"}],"wp:attachment":[{"href":"https:\/\/bladnanews.com\/nl\/wp-json\/wp\/v2\/media?parent=5893"}],"wp:term":[{"taxonomy":"category","embeddable":true,"href":"https:\/\/bladnanews.com\/nl\/wp-json\/wp\/v2\/categories?post=5893"},{"taxonomy":"post_tag","embeddable":true,"href":"https:\/\/bladnanews.com\/nl\/wp-json\/wp\/v2\/tags?post=5893"}],"curies":[{"name":"wp","href":"https:\/\/api.w.org\/{rel}","templated":true}]}}