{"id":6230,"date":"2026-01-14T15:05:31","date_gmt":"2026-01-14T15:05:31","guid":{"rendered":"https:\/\/bladnanews.com\/harry-kane-and-mbappe-picked-in-champions-league-free-xi-draft\/"},"modified":"2026-01-14T15:05:31","modified_gmt":"2026-01-14T15:05:31","slug":"harry-kane-en-mbappe-gekozen-in-champions-league-gratis-xi-draft","status":"publish","type":"post","link":"https:\/\/bladnanews.com\/nl\/harry-kane-en-mbappe-gekozen-in-champions-league-gratis-xi-draft\/","title":{"rendered":"Harry Kane en Mbappe gekozen in opstelling zonder Champions League-spelers"},"content":{"rendered":"<p>GOAL's Front Three gingen in een Football Draft rechtstreeks de confrontatie aan om het ultieme elftal samen te stellen dat uitsluitend bestaat uit spelers die <strong>nooit de Champions League hebben gewonnen<\/strong> \u2013 en de grote namen volgden elkaar vanaf het begin in rap tempo op.<\/p>\n<p>Met duidelijke regels begon het panel sterren te selecteren die op het hoogste niveau hebben geshineerd, maar Europa's grootste clubprijs nog altijd moeten winnen. <strong>Harry Kane<\/strong> werd snel vastgelegd, terwijl <strong>Kylian Mbapp\u00e9<\/strong> ook tot de belangrijkste keuzes behoorde toen de draft vorm kreeg.<\/p>\n<p>Bij het draftformaat kozen de drie deelnemers om beurten spelers om hun best mogelijke team te cre\u00ebren binnen \u00e9\u00e9n strikte voorwaarde: geen Champions League-winnaars toegestaan. Dat opende de deur voor een mix van moderne grootheden en langdurige publiekslievelingen, elk beoordeeld op vaardigheid, impact en algemene reputatie.<\/p>\n<p>Naarmate de selecties vorderden, kregen de teams een duidelijke identiteit, waarbij elke drafter stervorming in evenwicht bracht met structuur in verdediging, middenveld en aanval. Het debat bewoog zich tussen puur talent en de noodzaak een functionerend elftal op te bouwen, terwijl de Front Three hun keuzes speler voor speler beargumenteerden.<\/p>\n<p>De belangrijkste onthulling van de draft was hoeveel elitenamen er nog altijd zijn zonder een Champions League-medaille, zelfs na jaren aan de top van het spel. Kane en Mbapp\u00e9 waren de opvallende bewijzen dat individuele briljantie en grote trofee\u00ebn niet altijd samenkomen.<\/p>\n<p>Aan het einde had elke panellid een elftal voltooid gebouwd rond bewezen kwaliteit, maar met een gedeeld thema: alle gekozen spelers jagen nog steeds op die ongrijpbare Champions League-winnaarsmedaille.<\/p>","protected":false},"excerpt":{"rendered":"<p>GOAL\u2019s Front Three went head-to-head in a Football Draft to build the ultimate XI made up only of players who [&hellip;]<\/p>\n","protected":false},"author":3,"featured_media":6229,"comment_status":"","ping_status":"open","sticky":false,"template":"","format":"standard","meta":{"googlesitekit_rrm_CAow_uzEDA:productID":"","site-sidebar-layout":"default","site-content-layout":"","ast-site-content-layout":"default","site-content-style":"default","site-sidebar-style":"default","ast-global-header-display":"","ast-banner-title-visibility":"","ast-main-header-display":"","ast-hfb-above-header-display":"","ast-hfb-below-header-display":"","ast-hfb-mobile-header-display":"","site-post-title":"","ast-breadcrumbs-content":"","ast-featured-img":"","footer-sml-layout":"","ast-disable-related-posts":"","theme-transparent-header-meta":"","adv-header-id-meta":"","stick-header-meta":"","header-above-stick-meta":"","header-main-stick-meta":"","header-below-stick-meta":"","astra-migrate-meta-layouts":"default","ast-page-background-enabled":"default","ast-page-background-meta":{"desktop":{"background-color":"var(--ast-global-color-5)","background-image":"","background-repeat":"repeat","background-position":"center center","background-size":"auto","background-attachment":"scroll","background-type":"","background-media":"","overlay-type":"","overlay-color":"","overlay-opacity":"","overlay-gradient":""},"tablet":{"background-color":"","background-image":"","background-repeat":"repeat","background-position":"center center","background-size":"auto","background-attachment":"scroll","background-type":"","background-media":"","overlay-type":"","overlay-color":"","overlay-opacity":"","overlay-gradient":""},"mobile":{"background-color":"","background-image":"","background-repeat":"repeat","background-position":"center center","background-size":"auto","background-attachment":"scroll","background-type":"","background-media":"","overlay-type":"","overlay-color":"","overlay-opacity":"","overlay-gradient":""}},"ast-content-background-meta":{"desktop":{"background-color":"var(--ast-global-color-4)","background-image":"","background-repeat":"repeat","background-position":"center center","background-size":"auto","background-attachment":"scroll","background-type":"","background-media":"","overlay-type":"","overlay-color":"","overlay-opacity":"","overlay-gradient":""},"tablet":{"background-color":"var(--ast-global-color-4)","background-image":"","background-repeat":"repeat","background-position":"center center","background-size":"auto","background-attachment":"scroll","background-type":"","background-media":"","overlay-type":"","overlay-color":"","overlay-opacity":"","overlay-gradient":""},"mobile":{"background-color":"var(--ast-global-color-4)","background-image":"","background-repeat":"repeat","background-position":"center center","background-size":"auto","background-attachment":"scroll","background-type":"","background-media":"","overlay-type":"","overlay-color":"","overlay-opacity":"","overlay-gradient":""}},"footnotes":""},"categories":[20,1],"tags":[],"class_list":["post-6230","post","type-post","status-publish","format-standard","has-post-thumbnail","hentry","category-international","category-football-latest-news"],"yoast_head":"<!-- This site is optimized with the Yoast SEO Premium plugin v26.6 (Yoast SEO v27.5) - https:\/\/yoast.com\/product\/yoast-seo-premium-wordpress\/ -->\n<title>Harry Kane and Mbappe picked in Champions League-free XI draft - Bladna News<\/title>\n<meta name=\"robots\" content=\"index, follow, max-snippet:-1, max-image-preview:large, max-video-preview:-1\" \/>\n<link rel=\"canonical\" href=\"https:\/\/bladnanews.com\/nl\/harry-kane-en-mbappe-gekozen-in-champions-league-gratis-xi-draft\/\" \/>\n<meta property=\"og:locale\" content=\"nl_NL\" \/>\n<meta property=\"og:type\" content=\"article\" \/>\n<meta property=\"og:title\" content=\"Harry Kane and Mbappe picked in Champions League-free XI draft\" \/>\n<meta property=\"og:description\" content=\"GOAL\u2019s Front Three went head-to-head in a Football Draft to build the ultimate XI made up only of players who [&hellip;]\" \/>\n<meta property=\"og:url\" content=\"https:\/\/bladnanews.com\/nl\/harry-kane-en-mbappe-gekozen-in-champions-league-gratis-xi-draft\/\" \/>\n<meta property=\"og:site_name\" content=\"Bladna News\" \/>\n<meta property=\"article:published_time\" content=\"2026-01-14T15:05:31+00:00\" \/>\n<meta property=\"og:image\" content=\"https:\/\/bladnanews.com\/wp-content\/uploads\/2025\/12\/freepik__bladna-newscom-moroccan-soccer-homepage-banner-mor__41838.png\" \/>\n\t<meta property=\"og:image:width\" content=\"1312\" \/>\n\t<meta property=\"og:image:height\" content=\"736\" \/>\n\t<meta property=\"og:image:type\" content=\"image\/png\" \/>\n<meta name=\"author\" content=\"Bladna News Staff\" \/>\n<meta name=\"twitter:card\" content=\"summary_large_image\" \/>\n<meta name=\"twitter:label1\" content=\"Geschreven door\" \/>\n\t<meta name=\"twitter:data1\" content=\"Bladna News Staff\" \/>\n\t<meta name=\"twitter:label2\" content=\"Geschatte leestijd\" \/>\n\t<meta name=\"twitter:data2\" content=\"1 minuut\" \/>\n<script type=\"application\/ld+json\" class=\"yoast-schema-graph\">{\"@context\":\"https:\\\/\\\/schema.org\",\"@graph\":[{\"@type\":\"Article\",\"@id\":\"https:\\\/\\\/bladnanews.com\\\/harry-kane-and-mbappe-picked-in-champions-league-free-xi-draft\\\/#article\",\"isPartOf\":{\"@id\":\"https:\\\/\\\/bladnanews.com\\\/harry-kane-and-mbappe-picked-in-champions-league-free-xi-draft\\\/\"},\"author\":{\"name\":\"Bladna News Staff\",\"@id\":\"https:\\\/\\\/mediumseagreen-eel-531711.hostingersite.com\\\/#\\\/schema\\\/person\\\/268e18a453ab080ebf76df6ef7845083\"},\"headline\":\"Harry Kane and Mbappe picked in Champions League-free XI draft\",\"datePublished\":\"2026-01-14T15:05:31+00:00\",\"mainEntityOfPage\":{\"@id\":\"https:\\\/\\\/bladnanews.com\\\/harry-kane-and-mbappe-picked-in-champions-league-free-xi-draft\\\/\"},\"wordCount\":268,\"publisher\":{\"@id\":\"https:\\\/\\\/mediumseagreen-eel-531711.hostingersite.com\\\/#organization\"},\"image\":{\"@id\":\"https:\\\/\\\/bladnanews.com\\\/harry-kane-and-mbappe-picked-in-champions-league-free-xi-draft\\\/#primaryimage\"},\"thumbnailUrl\":\"https:\\\/\\\/bladnanews.com\\\/wp-content\\\/uploads\\\/2026\\\/01\\\/BladnaNews-Harry-Kane-and-Mbappe-picked-in-Champions-League-free-XI-draft-2026-01-15T050934.543Z.jpg\",\"articleSection\":[\"International\",\"Latest News\"],\"inLanguage\":\"nl-NL\",\"copyrightYear\":\"2026\",\"copyrightHolder\":{\"@id\":\"https:\\\/\\\/bladnanews.com\\\/nl\\\/#organization\"}},{\"@type\":\"WebPage\",\"@id\":\"https:\\\/\\\/bladnanews.com\\\/harry-kane-and-mbappe-picked-in-champions-league-free-xi-draft\\\/\",\"url\":\"https:\\\/\\\/bladnanews.com\\\/harry-kane-and-mbappe-picked-in-champions-league-free-xi-draft\\\/\",\"name\":\"Harry Kane and Mbappe picked in Champions League-free XI draft - Bladna News\",\"isPartOf\":{\"@id\":\"https:\\\/\\\/mediumseagreen-eel-531711.hostingersite.com\\\/#website\"},\"primaryImageOfPage\":{\"@id\":\"https:\\\/\\\/bladnanews.com\\\/harry-kane-and-mbappe-picked-in-champions-league-free-xi-draft\\\/#primaryimage\"},\"image\":{\"@id\":\"https:\\\/\\\/bladnanews.com\\\/harry-kane-and-mbappe-picked-in-champions-league-free-xi-draft\\\/#primaryimage\"},\"thumbnailUrl\":\"https:\\\/\\\/bladnanews.com\\\/wp-content\\\/uploads\\\/2026\\\/01\\\/BladnaNews-Harry-Kane-and-Mbappe-picked-in-Champions-League-free-XI-draft-2026-01-15T050934.543Z.jpg\",\"datePublished\":\"2026-01-14T15:05:31+00:00\",\"breadcrumb\":{\"@id\":\"https:\\\/\\\/bladnanews.com\\\/harry-kane-and-mbappe-picked-in-champions-league-free-xi-draft\\\/#breadcrumb\"},\"inLanguage\":\"nl-NL\",\"potentialAction\":[{\"@type\":\"ReadAction\",\"target\":[\"https:\\\/\\\/bladnanews.com\\\/harry-kane-and-mbappe-picked-in-champions-league-free-xi-draft\\\/\"]}]},{\"@type\":\"ImageObject\",\"inLanguage\":\"nl-NL\",\"@id\":\"https:\\\/\\\/bladnanews.com\\\/harry-kane-and-mbappe-picked-in-champions-league-free-xi-draft\\\/#primaryimage\",\"url\":\"https:\\\/\\\/bladnanews.com\\\/wp-content\\\/uploads\\\/2026\\\/01\\\/BladnaNews-Harry-Kane-and-Mbappe-picked-in-Champions-League-free-XI-draft-2026-01-15T050934.543Z.jpg\",\"contentUrl\":\"https:\\\/\\\/bladnanews.com\\\/wp-content\\\/uploads\\\/2026\\\/01\\\/BladnaNews-Harry-Kane-and-Mbappe-picked-in-Champions-League-free-XI-draft-2026-01-15T050934.543Z.jpg\",\"width\":1920,\"height\":1080,\"caption\":\"Football draft featuring smiling presenters, Gianluigi Buffon holding a trophy, and iconic players like Ronaldo and Ibrahimovi\u0107.\"},{\"@type\":\"BreadcrumbList\",\"@id\":\"https:\\\/\\\/bladnanews.com\\\/harry-kane-and-mbappe-picked-in-champions-league-free-xi-draft\\\/#breadcrumb\",\"itemListElement\":[{\"@type\":\"ListItem\",\"position\":1,\"name\":\"Home\",\"item\":\"https:\\\/\\\/bladnanews.com\\\/\"},{\"@type\":\"ListItem\",\"position\":2,\"name\":\"Harry Kane and Mbappe picked in Champions League-free XI draft\"}]},{\"@type\":\"WebSite\",\"@id\":\"https:\\\/\\\/mediumseagreen-eel-531711.hostingersite.com\\\/#website\",\"url\":\"https:\\\/\\\/mediumseagreen-eel-531711.hostingersite.com\\\/\",\"name\":\"Bladna News - Morocco\",\"description\":\"Where Moroccan Football Meets the World\",\"publisher\":{\"@id\":\"https:\\\/\\\/mediumseagreen-eel-531711.hostingersite.com\\\/#organization\"},\"potentialAction\":[{\"@type\":\"SearchAction\",\"target\":{\"@type\":\"EntryPoint\",\"urlTemplate\":\"https:\\\/\\\/mediumseagreen-eel-531711.hostingersite.com\\\/?s={search_term_string}\"},\"query-input\":{\"@type\":\"PropertyValueSpecification\",\"valueRequired\":true,\"valueName\":\"search_term_string\"}}],\"inLanguage\":\"nl-NL\"},{\"@type\":\"Organization\",\"@id\":\"https:\\\/\\\/mediumseagreen-eel-531711.hostingersite.com\\\/#organization\",\"name\":\"Bladna News.com\",\"url\":\"https:\\\/\\\/mediumseagreen-eel-531711.hostingersite.com\\\/\",\"logo\":{\"@type\":\"ImageObject\",\"inLanguage\":\"nl-NL\",\"@id\":\"https:\\\/\\\/mediumseagreen-eel-531711.hostingersite.com\\\/#\\\/schema\\\/logo\\\/image\\\/\",\"url\":\"https:\\\/\\\/bladnanews.com\\\/wp-content\\\/uploads\\\/2025\\\/12\\\/logo-bladnanews-V2-web-black-red.png\",\"contentUrl\":\"https:\\\/\\\/bladnanews.com\\\/wp-content\\\/uploads\\\/2025\\\/12\\\/logo-bladnanews-V2-web-black-red.png\",\"width\":703,\"height\":287,\"caption\":\"Bladna News.com\"},\"image\":{\"@id\":\"https:\\\/\\\/mediumseagreen-eel-531711.hostingersite.com\\\/#\\\/schema\\\/logo\\\/image\\\/\"},\"email\":\"info@bladnanews.com\",\"legalName\":\"Bladna News\"},{\"@type\":\"Person\",\"@id\":\"https:\\\/\\\/mediumseagreen-eel-531711.hostingersite.com\\\/#\\\/schema\\\/person\\\/268e18a453ab080ebf76df6ef7845083\",\"name\":\"Bladna News Staff\",\"url\":\"https:\\\/\\\/bladnanews.com\\\/nl\\\/author\\\/bladna-news-staff\\\/\"}]}<\/script>\n<!-- \/ Yoast SEO Premium plugin. -->","yoast_head_json":{"title":"Harry Kane en Mbappe gekozen in Champions League-vrij XI opstelling - Bladna Nieuws","robots":{"index":"index","follow":"follow","max-snippet":"max-snippet:-1","max-image-preview":"max-image-preview:large","max-video-preview":"max-video-preview:-1"},"canonical":"https:\/\/bladnanews.com\/nl\/harry-kane-en-mbappe-gekozen-in-champions-league-gratis-xi-draft\/","og_locale":"nl_NL","og_type":"article","og_title":"Harry Kane and Mbappe picked in Champions League-free XI draft","og_description":"GOAL\u2019s Front Three went head-to-head in a Football Draft to build the ultimate XI made up only of players who [&hellip;]","og_url":"https:\/\/bladnanews.com\/nl\/harry-kane-en-mbappe-gekozen-in-champions-league-gratis-xi-draft\/","og_site_name":"Bladna News","article_published_time":"2026-01-14T15:05:31+00:00","og_image":[{"width":1312,"height":736,"url":"https:\/\/bladnanews.com\/wp-content\/uploads\/2025\/12\/freepik__bladna-newscom-moroccan-soccer-homepage-banner-mor__41838.png","type":"image\/png"}],"author":"Bladna News Staff","twitter_card":"summary_large_image","twitter_misc":{"Geschreven door":"Bladna News Staff","Geschatte leestijd":"1 minuut"},"schema":{"@context":"https:\/\/schema.org","@graph":[{"@type":"Article","@id":"https:\/\/bladnanews.com\/harry-kane-and-mbappe-picked-in-champions-league-free-xi-draft\/#article","isPartOf":{"@id":"https:\/\/bladnanews.com\/harry-kane-and-mbappe-picked-in-champions-league-free-xi-draft\/"},"author":{"name":"Bladna News Staff","@id":"https:\/\/mediumseagreen-eel-531711.hostingersite.com\/#\/schema\/person\/268e18a453ab080ebf76df6ef7845083"},"headline":"Harry Kane and Mbappe picked in Champions League-free XI draft","datePublished":"2026-01-14T15:05:31+00:00","mainEntityOfPage":{"@id":"https:\/\/bladnanews.com\/harry-kane-and-mbappe-picked-in-champions-league-free-xi-draft\/"},"wordCount":268,"publisher":{"@id":"https:\/\/mediumseagreen-eel-531711.hostingersite.com\/#organization"},"image":{"@id":"https:\/\/bladnanews.com\/harry-kane-and-mbappe-picked-in-champions-league-free-xi-draft\/#primaryimage"},"thumbnailUrl":"https:\/\/bladnanews.com\/wp-content\/uploads\/2026\/01\/BladnaNews-Harry-Kane-and-Mbappe-picked-in-Champions-League-free-XI-draft-2026-01-15T050934.543Z.jpg","articleSection":["International","Latest News"],"inLanguage":"nl-NL","copyrightYear":"2026","copyrightHolder":{"@id":"https:\/\/bladnanews.com\/nl\/#organization"}},{"@type":"WebPage","@id":"https:\/\/bladnanews.com\/harry-kane-and-mbappe-picked-in-champions-league-free-xi-draft\/","url":"https:\/\/bladnanews.com\/harry-kane-and-mbappe-picked-in-champions-league-free-xi-draft\/","name":"Harry Kane en Mbappe gekozen in Champions League-vrij XI opstelling - Bladna Nieuws","isPartOf":{"@id":"https:\/\/mediumseagreen-eel-531711.hostingersite.com\/#website"},"primaryImageOfPage":{"@id":"https:\/\/bladnanews.com\/harry-kane-and-mbappe-picked-in-champions-league-free-xi-draft\/#primaryimage"},"image":{"@id":"https:\/\/bladnanews.com\/harry-kane-and-mbappe-picked-in-champions-league-free-xi-draft\/#primaryimage"},"thumbnailUrl":"https:\/\/bladnanews.com\/wp-content\/uploads\/2026\/01\/BladnaNews-Harry-Kane-and-Mbappe-picked-in-Champions-League-free-XI-draft-2026-01-15T050934.543Z.jpg","datePublished":"2026-01-14T15:05:31+00:00","breadcrumb":{"@id":"https:\/\/bladnanews.com\/harry-kane-and-mbappe-picked-in-champions-league-free-xi-draft\/#breadcrumb"},"inLanguage":"nl-NL","potentialAction":[{"@type":"ReadAction","target":["https:\/\/bladnanews.com\/harry-kane-and-mbappe-picked-in-champions-league-free-xi-draft\/"]}]},{"@type":"ImageObject","inLanguage":"nl-NL","@id":"https:\/\/bladnanews.com\/harry-kane-and-mbappe-picked-in-champions-league-free-xi-draft\/#primaryimage","url":"https:\/\/bladnanews.com\/wp-content\/uploads\/2026\/01\/BladnaNews-Harry-Kane-and-Mbappe-picked-in-Champions-League-free-XI-draft-2026-01-15T050934.543Z.jpg","contentUrl":"https:\/\/bladnanews.com\/wp-content\/uploads\/2026\/01\/BladnaNews-Harry-Kane-and-Mbappe-picked-in-Champions-League-free-XI-draft-2026-01-15T050934.543Z.jpg","width":1920,"height":1080,"caption":"Football draft featuring smiling presenters, Gianluigi Buffon holding a trophy, and iconic players like Ronaldo and Ibrahimovi\u0107."},{"@type":"BreadcrumbList","@id":"https:\/\/bladnanews.com\/harry-kane-and-mbappe-picked-in-champions-league-free-xi-draft\/#breadcrumb","itemListElement":[{"@type":"ListItem","position":1,"name":"Home","item":"https:\/\/bladnanews.com\/"},{"@type":"ListItem","position":2,"name":"Harry Kane and Mbappe picked in Champions League-free XI draft"}]},{"@type":"WebSite","@id":"https:\/\/mediumseagreen-eel-531711.hostingersite.com\/#website","url":"https:\/\/mediumseagreen-eel-531711.hostingersite.com\/","name":"Bladna Nieuws - Marokko","description":"Waar Marokkaans voetbal de wereld ontmoet","publisher":{"@id":"https:\/\/mediumseagreen-eel-531711.hostingersite.com\/#organization"},"potentialAction":[{"@type":"SearchAction","target":{"@type":"EntryPoint","urlTemplate":"https:\/\/mediumseagreen-eel-531711.hostingersite.com\/?s={search_term_string}"},"query-input":{"@type":"PropertyValueSpecification","valueRequired":true,"valueName":"search_term_string"}}],"inLanguage":"nl-NL"},{"@type":"Organization","@id":"https:\/\/mediumseagreen-eel-531711.hostingersite.com\/#organization","name":"Bladna Nieuws.com","url":"https:\/\/mediumseagreen-eel-531711.hostingersite.com\/","logo":{"@type":"ImageObject","inLanguage":"nl-NL","@id":"https:\/\/mediumseagreen-eel-531711.hostingersite.com\/#\/schema\/logo\/image\/","url":"https:\/\/bladnanews.com\/wp-content\/uploads\/2025\/12\/logo-bladnanews-V2-web-black-red.png","contentUrl":"https:\/\/bladnanews.com\/wp-content\/uploads\/2025\/12\/logo-bladnanews-V2-web-black-red.png","width":703,"height":287,"caption":"Bladna News.com"},"image":{"@id":"https:\/\/mediumseagreen-eel-531711.hostingersite.com\/#\/schema\/logo\/image\/"},"email":"info@bladnanews.com","legalName":"Bladna News"},{"@type":"Person","@id":"https:\/\/mediumseagreen-eel-531711.hostingersite.com\/#\/schema\/person\/268e18a453ab080ebf76df6ef7845083","name":"Bladna Nieuwsredactie","url":"https:\/\/bladnanews.com\/nl\/author\/bladna-news-staff\/"}]}},"_links":{"self":[{"href":"https:\/\/bladnanews.com\/nl\/wp-json\/wp\/v2\/posts\/6230","targetHints":{"allow":["GET"]}}],"collection":[{"href":"https:\/\/bladnanews.com\/nl\/wp-json\/wp\/v2\/posts"}],"about":[{"href":"https:\/\/bladnanews.com\/nl\/wp-json\/wp\/v2\/types\/post"}],"author":[{"embeddable":true,"href":"https:\/\/bladnanews.com\/nl\/wp-json\/wp\/v2\/users\/3"}],"replies":[{"embeddable":true,"href":"https:\/\/bladnanews.com\/nl\/wp-json\/wp\/v2\/comments?post=6230"}],"version-history":[{"count":0,"href":"https:\/\/bladnanews.com\/nl\/wp-json\/wp\/v2\/posts\/6230\/revisions"}],"wp:featuredmedia":[{"embeddable":true,"href":"https:\/\/bladnanews.com\/nl\/wp-json\/wp\/v2\/media\/6229"}],"wp:attachment":[{"href":"https:\/\/bladnanews.com\/nl\/wp-json\/wp\/v2\/media?parent=6230"}],"wp:term":[{"taxonomy":"category","embeddable":true,"href":"https:\/\/bladnanews.com\/nl\/wp-json\/wp\/v2\/categories?post=6230"},{"taxonomy":"post_tag","embeddable":true,"href":"https:\/\/bladnanews.com\/nl\/wp-json\/wp\/v2\/tags?post=6230"}],"curies":[{"name":"wp","href":"https:\/\/api.w.org\/{rel}","templated":true}]}}