{"id":6528,"date":"2026-01-16T14:22:51","date_gmt":"2026-01-16T14:22:51","guid":{"rendered":"https:\/\/bladnanews.com\/real-madrid-to-restart-vinicius-jr-contract-talks\/"},"modified":"2026-01-16T14:22:51","modified_gmt":"2026-01-16T14:22:51","slug":"real-madrid-hervat-contractonderhandelingen-met-vinicius-jr","status":"publish","type":"post","link":"https:\/\/bladnanews.com\/nl\/real-madrid-hervat-contractonderhandelingen-met-vinicius-jr\/","title":{"rendered":"Real Madrid hervat contractonderhandelingen met Vinicius Jr."},"content":{"rendered":"<p>Real Madrid staat op het punt de onderhandelingen over een nieuw contract voor Vin\u00edcius Jr. te hervatten, na het besluit van de club om een impopulaire manager te ontslaan. De Braziliaan wordt opnieuw gezien als een kernonderdeel van hun lange termijnplannen.<\/p>\n<p>De onderhandelingen waren op pauze gezet, maar Madrid is nu van plan de gesprekken met het kamp van Vin\u00edcius herop te starten, in een poging zijn toekomst in het Santiago Bernab\u00e9u veilig te stellen. De 23-jarige blijft een van de leidende figuren in het team en de club wil duidelijkheid over een contractverlenging.<\/p>\n<p>Deze ontwikkeling vindt plaats te midden van voortdurende veranderingen achter de schermen, waarbij de club verder is gegaan van een coach die niet breed werd gesteund. Dat besluit heeft de weg ge\u00ebffend voor het hervatten van de contractonderhandelingen.<\/p>\n<p>Madrid wordt ook in verband gebracht met Xabi Alonso, maar de situatie rond de voormalige middenvelder zal naar verwachting de aanpak van de club ten opzichte van Vin\u00edcius niet be\u00efnvloeden. De boodschap vanuit het Bernab\u00e9u is dat er aan dat front \u201cgeen probleem\u201d is en dat de focus nu ligt op het vorderen van de onderhandelingen en het behouden van de aanvaller voor Madrid.<\/p>\n<p>Vin\u00edcius is de afgelopen seizoenen een centrale figuur geweest voor Los Blancos, en de hernieuwde poging van de club om zijn contract te verlengen onderstreept hoe hoog zij hem waarderen. Verwacht wordt dat de gesprekken binnenkort worden hervat, nu Madrid probeert een akkoord te finaliseren.<\/p>","protected":false},"excerpt":{"rendered":"<p>Real Madrid are set to restart talks over a new contract for Vinicius Jr following the club\u2019s decision to sack [&hellip;]<\/p>\n","protected":false},"author":3,"featured_media":6527,"comment_status":"","ping_status":"open","sticky":false,"template":"","format":"standard","meta":{"googlesitekit_rrm_CAow_uzEDA:productID":"","site-sidebar-layout":"default","site-content-layout":"","ast-site-content-layout":"default","site-content-style":"default","site-sidebar-style":"default","ast-global-header-display":"","ast-banner-title-visibility":"","ast-main-header-display":"","ast-hfb-above-header-display":"","ast-hfb-below-header-display":"","ast-hfb-mobile-header-display":"","site-post-title":"","ast-breadcrumbs-content":"","ast-featured-img":"","footer-sml-layout":"","ast-disable-related-posts":"","theme-transparent-header-meta":"","adv-header-id-meta":"","stick-header-meta":"","header-above-stick-meta":"","header-main-stick-meta":"","header-below-stick-meta":"","astra-migrate-meta-layouts":"default","ast-page-background-enabled":"default","ast-page-background-meta":{"desktop":{"background-color":"var(--ast-global-color-5)","background-image":"","background-repeat":"repeat","background-position":"center center","background-size":"auto","background-attachment":"scroll","background-type":"","background-media":"","overlay-type":"","overlay-color":"","overlay-opacity":"","overlay-gradient":""},"tablet":{"background-color":"","background-image":"","background-repeat":"repeat","background-position":"center center","background-size":"auto","background-attachment":"scroll","background-type":"","background-media":"","overlay-type":"","overlay-color":"","overlay-opacity":"","overlay-gradient":""},"mobile":{"background-color":"","background-image":"","background-repeat":"repeat","background-position":"center center","background-size":"auto","background-attachment":"scroll","background-type":"","background-media":"","overlay-type":"","overlay-color":"","overlay-opacity":"","overlay-gradient":""}},"ast-content-background-meta":{"desktop":{"background-color":"var(--ast-global-color-4)","background-image":"","background-repeat":"repeat","background-position":"center center","background-size":"auto","background-attachment":"scroll","background-type":"","background-media":"","overlay-type":"","overlay-color":"","overlay-opacity":"","overlay-gradient":""},"tablet":{"background-color":"var(--ast-global-color-4)","background-image":"","background-repeat":"repeat","background-position":"center center","background-size":"auto","background-attachment":"scroll","background-type":"","background-media":"","overlay-type":"","overlay-color":"","overlay-opacity":"","overlay-gradient":""},"mobile":{"background-color":"var(--ast-global-color-4)","background-image":"","background-repeat":"repeat","background-position":"center center","background-size":"auto","background-attachment":"scroll","background-type":"","background-media":"","overlay-type":"","overlay-color":"","overlay-opacity":"","overlay-gradient":""}},"footnotes":""},"categories":[20,1],"tags":[],"class_list":["post-6528","post","type-post","status-publish","format-standard","has-post-thumbnail","hentry","category-international","category-football-latest-news"],"yoast_head":"<!-- This site is optimized with the Yoast SEO Premium plugin v26.6 (Yoast SEO v27.5) - https:\/\/yoast.com\/product\/yoast-seo-premium-wordpress\/ -->\n<title>Real Madrid to restart Vinicius Jr contract talks - Bladna News<\/title>\n<meta name=\"robots\" content=\"index, follow, max-snippet:-1, max-image-preview:large, max-video-preview:-1\" \/>\n<link rel=\"canonical\" href=\"https:\/\/bladnanews.com\/nl\/real-madrid-hervat-contractonderhandelingen-met-vinicius-jr\/\" \/>\n<meta property=\"og:locale\" content=\"nl_NL\" \/>\n<meta property=\"og:type\" content=\"article\" \/>\n<meta property=\"og:title\" content=\"Real Madrid to restart Vinicius Jr contract talks\" \/>\n<meta property=\"og:description\" content=\"Real Madrid are set to restart talks over a new contract for Vinicius Jr following the club\u2019s decision to sack [&hellip;]\" \/>\n<meta property=\"og:url\" content=\"https:\/\/bladnanews.com\/nl\/real-madrid-hervat-contractonderhandelingen-met-vinicius-jr\/\" \/>\n<meta property=\"og:site_name\" content=\"Bladna News\" \/>\n<meta property=\"article:published_time\" content=\"2026-01-16T14:22:51+00:00\" \/>\n<meta property=\"og:image\" content=\"https:\/\/bladnanews.com\/wp-content\/uploads\/2025\/12\/freepik__bladna-newscom-moroccan-soccer-homepage-banner-mor__41838.png\" \/>\n\t<meta property=\"og:image:width\" content=\"1312\" \/>\n\t<meta property=\"og:image:height\" content=\"736\" \/>\n\t<meta property=\"og:image:type\" content=\"image\/png\" \/>\n<meta name=\"author\" content=\"Bladna News Staff\" \/>\n<meta name=\"twitter:card\" content=\"summary_large_image\" \/>\n<meta name=\"twitter:label1\" content=\"Geschreven door\" \/>\n\t<meta name=\"twitter:data1\" content=\"Bladna News Staff\" \/>\n\t<meta name=\"twitter:label2\" content=\"Geschatte leestijd\" \/>\n\t<meta name=\"twitter:data2\" content=\"1 minuut\" \/>\n<script type=\"application\/ld+json\" class=\"yoast-schema-graph\">{\"@context\":\"https:\\\/\\\/schema.org\",\"@graph\":[{\"@type\":\"Article\",\"@id\":\"https:\\\/\\\/bladnanews.com\\\/real-madrid-to-restart-vinicius-jr-contract-talks\\\/#article\",\"isPartOf\":{\"@id\":\"https:\\\/\\\/bladnanews.com\\\/real-madrid-to-restart-vinicius-jr-contract-talks\\\/\"},\"author\":{\"name\":\"Bladna News Staff\",\"@id\":\"https:\\\/\\\/mediumseagreen-eel-531711.hostingersite.com\\\/#\\\/schema\\\/person\\\/268e18a453ab080ebf76df6ef7845083\"},\"headline\":\"Real Madrid to restart Vinicius Jr contract talks\",\"datePublished\":\"2026-01-16T14:22:51+00:00\",\"mainEntityOfPage\":{\"@id\":\"https:\\\/\\\/bladnanews.com\\\/real-madrid-to-restart-vinicius-jr-contract-talks\\\/\"},\"wordCount\":221,\"publisher\":{\"@id\":\"https:\\\/\\\/mediumseagreen-eel-531711.hostingersite.com\\\/#organization\"},\"image\":{\"@id\":\"https:\\\/\\\/bladnanews.com\\\/real-madrid-to-restart-vinicius-jr-contract-talks\\\/#primaryimage\"},\"thumbnailUrl\":\"https:\\\/\\\/bladnanews.com\\\/wp-content\\\/uploads\\\/2026\\\/01\\\/BladnaNews-Real-Madrid-to-restart-Vinicius-Jr-contract-talks-2026-01-17T050931.312Z.jpg\",\"articleSection\":[\"International\",\"Latest News\"],\"inLanguage\":\"nl-NL\",\"copyrightYear\":\"2026\",\"copyrightHolder\":{\"@id\":\"https:\\\/\\\/bladnanews.com\\\/nl\\\/#organization\"}},{\"@type\":\"WebPage\",\"@id\":\"https:\\\/\\\/bladnanews.com\\\/real-madrid-to-restart-vinicius-jr-contract-talks\\\/\",\"url\":\"https:\\\/\\\/bladnanews.com\\\/real-madrid-to-restart-vinicius-jr-contract-talks\\\/\",\"name\":\"Real Madrid to restart Vinicius Jr contract talks - Bladna News\",\"isPartOf\":{\"@id\":\"https:\\\/\\\/mediumseagreen-eel-531711.hostingersite.com\\\/#website\"},\"primaryImageOfPage\":{\"@id\":\"https:\\\/\\\/bladnanews.com\\\/real-madrid-to-restart-vinicius-jr-contract-talks\\\/#primaryimage\"},\"image\":{\"@id\":\"https:\\\/\\\/bladnanews.com\\\/real-madrid-to-restart-vinicius-jr-contract-talks\\\/#primaryimage\"},\"thumbnailUrl\":\"https:\\\/\\\/bladnanews.com\\\/wp-content\\\/uploads\\\/2026\\\/01\\\/BladnaNews-Real-Madrid-to-restart-Vinicius-Jr-contract-talks-2026-01-17T050931.312Z.jpg\",\"datePublished\":\"2026-01-16T14:22:51+00:00\",\"breadcrumb\":{\"@id\":\"https:\\\/\\\/bladnanews.com\\\/real-madrid-to-restart-vinicius-jr-contract-talks\\\/#breadcrumb\"},\"inLanguage\":\"nl-NL\",\"potentialAction\":[{\"@type\":\"ReadAction\",\"target\":[\"https:\\\/\\\/bladnanews.com\\\/real-madrid-to-restart-vinicius-jr-contract-talks\\\/\"]}]},{\"@type\":\"ImageObject\",\"inLanguage\":\"nl-NL\",\"@id\":\"https:\\\/\\\/bladnanews.com\\\/real-madrid-to-restart-vinicius-jr-contract-talks\\\/#primaryimage\",\"url\":\"https:\\\/\\\/bladnanews.com\\\/wp-content\\\/uploads\\\/2026\\\/01\\\/BladnaNews-Real-Madrid-to-restart-Vinicius-Jr-contract-talks-2026-01-17T050931.312Z.jpg\",\"contentUrl\":\"https:\\\/\\\/bladnanews.com\\\/wp-content\\\/uploads\\\/2026\\\/01\\\/BladnaNews-Real-Madrid-to-restart-Vinicius-Jr-contract-talks-2026-01-17T050931.312Z.jpg\",\"width\":1920,\"height\":1080,\"caption\":\"Vin\u00edcius Jr., wearing Real Madrid's white kit, discusses strategy with coach Xabi Alonso during a match, showing focused expressions.\"},{\"@type\":\"BreadcrumbList\",\"@id\":\"https:\\\/\\\/bladnanews.com\\\/real-madrid-to-restart-vinicius-jr-contract-talks\\\/#breadcrumb\",\"itemListElement\":[{\"@type\":\"ListItem\",\"position\":1,\"name\":\"Home\",\"item\":\"https:\\\/\\\/bladnanews.com\\\/\"},{\"@type\":\"ListItem\",\"position\":2,\"name\":\"Real Madrid to restart Vinicius Jr contract talks\"}]},{\"@type\":\"WebSite\",\"@id\":\"https:\\\/\\\/mediumseagreen-eel-531711.hostingersite.com\\\/#website\",\"url\":\"https:\\\/\\\/mediumseagreen-eel-531711.hostingersite.com\\\/\",\"name\":\"Bladna News - Morocco\",\"description\":\"Where Moroccan Football Meets the World\",\"publisher\":{\"@id\":\"https:\\\/\\\/mediumseagreen-eel-531711.hostingersite.com\\\/#organization\"},\"potentialAction\":[{\"@type\":\"SearchAction\",\"target\":{\"@type\":\"EntryPoint\",\"urlTemplate\":\"https:\\\/\\\/mediumseagreen-eel-531711.hostingersite.com\\\/?s={search_term_string}\"},\"query-input\":{\"@type\":\"PropertyValueSpecification\",\"valueRequired\":true,\"valueName\":\"search_term_string\"}}],\"inLanguage\":\"nl-NL\"},{\"@type\":\"Organization\",\"@id\":\"https:\\\/\\\/mediumseagreen-eel-531711.hostingersite.com\\\/#organization\",\"name\":\"Bladna News.com\",\"url\":\"https:\\\/\\\/mediumseagreen-eel-531711.hostingersite.com\\\/\",\"logo\":{\"@type\":\"ImageObject\",\"inLanguage\":\"nl-NL\",\"@id\":\"https:\\\/\\\/mediumseagreen-eel-531711.hostingersite.com\\\/#\\\/schema\\\/logo\\\/image\\\/\",\"url\":\"https:\\\/\\\/bladnanews.com\\\/wp-content\\\/uploads\\\/2025\\\/12\\\/logo-bladnanews-V2-web-black-red.png\",\"contentUrl\":\"https:\\\/\\\/bladnanews.com\\\/wp-content\\\/uploads\\\/2025\\\/12\\\/logo-bladnanews-V2-web-black-red.png\",\"width\":703,\"height\":287,\"caption\":\"Bladna News.com\"},\"image\":{\"@id\":\"https:\\\/\\\/mediumseagreen-eel-531711.hostingersite.com\\\/#\\\/schema\\\/logo\\\/image\\\/\"},\"email\":\"info@bladnanews.com\",\"legalName\":\"Bladna News\"},{\"@type\":\"Person\",\"@id\":\"https:\\\/\\\/mediumseagreen-eel-531711.hostingersite.com\\\/#\\\/schema\\\/person\\\/268e18a453ab080ebf76df6ef7845083\",\"name\":\"Bladna News Staff\",\"url\":\"https:\\\/\\\/bladnanews.com\\\/nl\\\/author\\\/bladna-news-staff\\\/\"}]}<\/script>\n<!-- \/ Yoast SEO Premium plugin. -->","yoast_head_json":{"title":"Real Madrid hervat contractonderhandelingen met Vinicius Jr - Bladna News","robots":{"index":"index","follow":"follow","max-snippet":"max-snippet:-1","max-image-preview":"max-image-preview:large","max-video-preview":"max-video-preview:-1"},"canonical":"https:\/\/bladnanews.com\/nl\/real-madrid-hervat-contractonderhandelingen-met-vinicius-jr\/","og_locale":"nl_NL","og_type":"article","og_title":"Real Madrid to restart Vinicius Jr contract talks","og_description":"Real Madrid are set to restart talks over a new contract for Vinicius Jr following the club\u2019s decision to sack [&hellip;]","og_url":"https:\/\/bladnanews.com\/nl\/real-madrid-hervat-contractonderhandelingen-met-vinicius-jr\/","og_site_name":"Bladna News","article_published_time":"2026-01-16T14:22:51+00:00","og_image":[{"width":1312,"height":736,"url":"https:\/\/bladnanews.com\/wp-content\/uploads\/2025\/12\/freepik__bladna-newscom-moroccan-soccer-homepage-banner-mor__41838.png","type":"image\/png"}],"author":"Bladna News Staff","twitter_card":"summary_large_image","twitter_misc":{"Geschreven door":"Bladna News Staff","Geschatte leestijd":"1 minuut"},"schema":{"@context":"https:\/\/schema.org","@graph":[{"@type":"Article","@id":"https:\/\/bladnanews.com\/real-madrid-to-restart-vinicius-jr-contract-talks\/#article","isPartOf":{"@id":"https:\/\/bladnanews.com\/real-madrid-to-restart-vinicius-jr-contract-talks\/"},"author":{"name":"Bladna News Staff","@id":"https:\/\/mediumseagreen-eel-531711.hostingersite.com\/#\/schema\/person\/268e18a453ab080ebf76df6ef7845083"},"headline":"Real Madrid to restart Vinicius Jr contract talks","datePublished":"2026-01-16T14:22:51+00:00","mainEntityOfPage":{"@id":"https:\/\/bladnanews.com\/real-madrid-to-restart-vinicius-jr-contract-talks\/"},"wordCount":221,"publisher":{"@id":"https:\/\/mediumseagreen-eel-531711.hostingersite.com\/#organization"},"image":{"@id":"https:\/\/bladnanews.com\/real-madrid-to-restart-vinicius-jr-contract-talks\/#primaryimage"},"thumbnailUrl":"https:\/\/bladnanews.com\/wp-content\/uploads\/2026\/01\/BladnaNews-Real-Madrid-to-restart-Vinicius-Jr-contract-talks-2026-01-17T050931.312Z.jpg","articleSection":["International","Latest News"],"inLanguage":"nl-NL","copyrightYear":"2026","copyrightHolder":{"@id":"https:\/\/bladnanews.com\/nl\/#organization"}},{"@type":"WebPage","@id":"https:\/\/bladnanews.com\/real-madrid-to-restart-vinicius-jr-contract-talks\/","url":"https:\/\/bladnanews.com\/real-madrid-to-restart-vinicius-jr-contract-talks\/","name":"Real Madrid hervat contractonderhandelingen met Vinicius Jr - Bladna News","isPartOf":{"@id":"https:\/\/mediumseagreen-eel-531711.hostingersite.com\/#website"},"primaryImageOfPage":{"@id":"https:\/\/bladnanews.com\/real-madrid-to-restart-vinicius-jr-contract-talks\/#primaryimage"},"image":{"@id":"https:\/\/bladnanews.com\/real-madrid-to-restart-vinicius-jr-contract-talks\/#primaryimage"},"thumbnailUrl":"https:\/\/bladnanews.com\/wp-content\/uploads\/2026\/01\/BladnaNews-Real-Madrid-to-restart-Vinicius-Jr-contract-talks-2026-01-17T050931.312Z.jpg","datePublished":"2026-01-16T14:22:51+00:00","breadcrumb":{"@id":"https:\/\/bladnanews.com\/real-madrid-to-restart-vinicius-jr-contract-talks\/#breadcrumb"},"inLanguage":"nl-NL","potentialAction":[{"@type":"ReadAction","target":["https:\/\/bladnanews.com\/real-madrid-to-restart-vinicius-jr-contract-talks\/"]}]},{"@type":"ImageObject","inLanguage":"nl-NL","@id":"https:\/\/bladnanews.com\/real-madrid-to-restart-vinicius-jr-contract-talks\/#primaryimage","url":"https:\/\/bladnanews.com\/wp-content\/uploads\/2026\/01\/BladnaNews-Real-Madrid-to-restart-Vinicius-Jr-contract-talks-2026-01-17T050931.312Z.jpg","contentUrl":"https:\/\/bladnanews.com\/wp-content\/uploads\/2026\/01\/BladnaNews-Real-Madrid-to-restart-Vinicius-Jr-contract-talks-2026-01-17T050931.312Z.jpg","width":1920,"height":1080,"caption":"Vin\u00edcius Jr., wearing Real Madrid's white kit, discusses strategy with coach Xabi Alonso during a match, showing focused expressions."},{"@type":"BreadcrumbList","@id":"https:\/\/bladnanews.com\/real-madrid-to-restart-vinicius-jr-contract-talks\/#breadcrumb","itemListElement":[{"@type":"ListItem","position":1,"name":"Home","item":"https:\/\/bladnanews.com\/"},{"@type":"ListItem","position":2,"name":"Real Madrid to restart Vinicius Jr contract talks"}]},{"@type":"WebSite","@id":"https:\/\/mediumseagreen-eel-531711.hostingersite.com\/#website","url":"https:\/\/mediumseagreen-eel-531711.hostingersite.com\/","name":"Bladna Nieuws - Marokko","description":"Waar Marokkaans voetbal de wereld ontmoet","publisher":{"@id":"https:\/\/mediumseagreen-eel-531711.hostingersite.com\/#organization"},"potentialAction":[{"@type":"SearchAction","target":{"@type":"EntryPoint","urlTemplate":"https:\/\/mediumseagreen-eel-531711.hostingersite.com\/?s={search_term_string}"},"query-input":{"@type":"PropertyValueSpecification","valueRequired":true,"valueName":"search_term_string"}}],"inLanguage":"nl-NL"},{"@type":"Organization","@id":"https:\/\/mediumseagreen-eel-531711.hostingersite.com\/#organization","name":"Bladna Nieuws.com","url":"https:\/\/mediumseagreen-eel-531711.hostingersite.com\/","logo":{"@type":"ImageObject","inLanguage":"nl-NL","@id":"https:\/\/mediumseagreen-eel-531711.hostingersite.com\/#\/schema\/logo\/image\/","url":"https:\/\/bladnanews.com\/wp-content\/uploads\/2025\/12\/logo-bladnanews-V2-web-black-red.png","contentUrl":"https:\/\/bladnanews.com\/wp-content\/uploads\/2025\/12\/logo-bladnanews-V2-web-black-red.png","width":703,"height":287,"caption":"Bladna News.com"},"image":{"@id":"https:\/\/mediumseagreen-eel-531711.hostingersite.com\/#\/schema\/logo\/image\/"},"email":"info@bladnanews.com","legalName":"Bladna News"},{"@type":"Person","@id":"https:\/\/mediumseagreen-eel-531711.hostingersite.com\/#\/schema\/person\/268e18a453ab080ebf76df6ef7845083","name":"Bladna Nieuwsredactie","url":"https:\/\/bladnanews.com\/nl\/author\/bladna-news-staff\/"}]}},"_links":{"self":[{"href":"https:\/\/bladnanews.com\/nl\/wp-json\/wp\/v2\/posts\/6528","targetHints":{"allow":["GET"]}}],"collection":[{"href":"https:\/\/bladnanews.com\/nl\/wp-json\/wp\/v2\/posts"}],"about":[{"href":"https:\/\/bladnanews.com\/nl\/wp-json\/wp\/v2\/types\/post"}],"author":[{"embeddable":true,"href":"https:\/\/bladnanews.com\/nl\/wp-json\/wp\/v2\/users\/3"}],"replies":[{"embeddable":true,"href":"https:\/\/bladnanews.com\/nl\/wp-json\/wp\/v2\/comments?post=6528"}],"version-history":[{"count":0,"href":"https:\/\/bladnanews.com\/nl\/wp-json\/wp\/v2\/posts\/6528\/revisions"}],"wp:featuredmedia":[{"embeddable":true,"href":"https:\/\/bladnanews.com\/nl\/wp-json\/wp\/v2\/media\/6527"}],"wp:attachment":[{"href":"https:\/\/bladnanews.com\/nl\/wp-json\/wp\/v2\/media?parent=6528"}],"wp:term":[{"taxonomy":"category","embeddable":true,"href":"https:\/\/bladnanews.com\/nl\/wp-json\/wp\/v2\/categories?post=6528"},{"taxonomy":"post_tag","embeddable":true,"href":"https:\/\/bladnanews.com\/nl\/wp-json\/wp\/v2\/tags?post=6528"}],"curies":[{"name":"wp","href":"https:\/\/api.w.org\/{rel}","templated":true}]}}