{"id":6667,"date":"2026-01-17T15:01:25","date_gmt":"2026-01-17T15:01:25","guid":{"rendered":"https:\/\/bladnanews.com\/vinicius-jr-and-bellingham-booed-by-real-madrid-fans\/"},"modified":"2026-01-17T15:01:25","modified_gmt":"2026-01-17T15:01:25","slug":"vinicius-jr-en-bellingham-uitgejouwd-door-real-madrid-fans","status":"publish","type":"post","link":"https:\/\/bladnanews.com\/nl\/vinicius-jr-en-bellingham-uitgejouwd-door-real-madrid-fans\/","title":{"rendered":"Vinicius Jr en Bellingham uitgejouwd door Real Madrid-fans"},"content":{"rendered":"<p>De avond van Real Madrid in het Santiago Bernab\u00e9u sloeg om in een giftige sfeer toen <strong>Vinicius Jr.<\/strong> en <strong>Jude Bellingham<\/strong> luid werden uitgejouwd door delen van het thuispubliek, na de <strong>vernedering in de Copa del Rey<\/strong> en het bevestigde <strong>ontslag van Xabi Alonso.<\/strong>.<\/p>\n<p>De sfeer was vanaf het begin gespannen, waarbij de supporters duidelijk maakten ongelukkig te zijn na een schadelijke periode die het geduld heeft doen opraken. Toen Vinicius en Bellingham in beeld kwamen met de bal, klonken er fluitconcerten en spotkreten, wat de woede weerspiegelde die door de tribunes had verspreid.<\/p>\n<p>Het bleef ook niet beperkt tot \u00e9\u00e9n moment. De reacties herhaalden zich toen het duo bij het spel betrokken was, waarbij de Bernab\u00e9u-getrouwen hun frustratie richtten op twee van de grootste namen van het team, terwijl ze ook hun bredere teleurstelling uitten over het verloop van het seizoen.<\/p>\n<p>Het gejoel volgde op een turbulente periode bij de club die culmineerde in het verlies van zijn baan voor Alonso, een beslissing die weinig heeft gedaan om de stemming onder de fans te kalmeren. De uitschakeling van Real Madrid in de Copa del Rey heeft alleen maar bijgedragen aan het gevoel van vernedering, en de reactie in het stadion benadrukte hoe snel de druk is opgelopen.<\/p>\n<p>Voor Vinicius en Bellingham, beiden gewend om op grote avonden in Madrid beslissend te zijn, was het onthaal een hard teken van het huidige klimaat. De boodschap vanaf de tribunes was duidelijk: de supporters willen een onmiddellijke reactie na een week die weinigen in het Bernab\u00e9u zich zullen willen herinneren.<\/p>","protected":false},"excerpt":{"rendered":"<p>Real Madrid\u2019s night at the Santiago Bernabeu turned toxic as Vinicius Jr and Jude Bellingham were loudly booed by sections [&hellip;]<\/p>\n","protected":false},"author":3,"featured_media":6666,"comment_status":"","ping_status":"open","sticky":false,"template":"","format":"standard","meta":{"googlesitekit_rrm_CAow_uzEDA:productID":"","site-sidebar-layout":"default","site-content-layout":"","ast-site-content-layout":"default","site-content-style":"default","site-sidebar-style":"default","ast-global-header-display":"","ast-banner-title-visibility":"","ast-main-header-display":"","ast-hfb-above-header-display":"","ast-hfb-below-header-display":"","ast-hfb-mobile-header-display":"","site-post-title":"","ast-breadcrumbs-content":"","ast-featured-img":"","footer-sml-layout":"","ast-disable-related-posts":"","theme-transparent-header-meta":"","adv-header-id-meta":"","stick-header-meta":"","header-above-stick-meta":"","header-main-stick-meta":"","header-below-stick-meta":"","astra-migrate-meta-layouts":"default","ast-page-background-enabled":"default","ast-page-background-meta":{"desktop":{"background-color":"var(--ast-global-color-5)","background-image":"","background-repeat":"repeat","background-position":"center center","background-size":"auto","background-attachment":"scroll","background-type":"","background-media":"","overlay-type":"","overlay-color":"","overlay-opacity":"","overlay-gradient":""},"tablet":{"background-color":"","background-image":"","background-repeat":"repeat","background-position":"center center","background-size":"auto","background-attachment":"scroll","background-type":"","background-media":"","overlay-type":"","overlay-color":"","overlay-opacity":"","overlay-gradient":""},"mobile":{"background-color":"","background-image":"","background-repeat":"repeat","background-position":"center center","background-size":"auto","background-attachment":"scroll","background-type":"","background-media":"","overlay-type":"","overlay-color":"","overlay-opacity":"","overlay-gradient":""}},"ast-content-background-meta":{"desktop":{"background-color":"var(--ast-global-color-4)","background-image":"","background-repeat":"repeat","background-position":"center center","background-size":"auto","background-attachment":"scroll","background-type":"","background-media":"","overlay-type":"","overlay-color":"","overlay-opacity":"","overlay-gradient":""},"tablet":{"background-color":"var(--ast-global-color-4)","background-image":"","background-repeat":"repeat","background-position":"center center","background-size":"auto","background-attachment":"scroll","background-type":"","background-media":"","overlay-type":"","overlay-color":"","overlay-opacity":"","overlay-gradient":""},"mobile":{"background-color":"var(--ast-global-color-4)","background-image":"","background-repeat":"repeat","background-position":"center center","background-size":"auto","background-attachment":"scroll","background-type":"","background-media":"","overlay-type":"","overlay-color":"","overlay-opacity":"","overlay-gradient":""}},"footnotes":""},"categories":[20,1],"tags":[],"class_list":["post-6667","post","type-post","status-publish","format-standard","has-post-thumbnail","hentry","category-international","category-football-latest-news"],"yoast_head":"<!-- This site is optimized with the Yoast SEO Premium plugin v26.6 (Yoast SEO v27.5) - https:\/\/yoast.com\/product\/yoast-seo-premium-wordpress\/ -->\n<title>Vinicius Jr and Bellingham booed by Real Madrid fans - Bladna News<\/title>\n<meta name=\"robots\" content=\"index, follow, max-snippet:-1, max-image-preview:large, max-video-preview:-1\" \/>\n<link rel=\"canonical\" href=\"https:\/\/bladnanews.com\/nl\/vinicius-jr-en-bellingham-uitgejouwd-door-real-madrid-fans\/\" \/>\n<meta property=\"og:locale\" content=\"nl_NL\" \/>\n<meta property=\"og:type\" content=\"article\" \/>\n<meta property=\"og:title\" content=\"Vinicius Jr and Bellingham booed by Real Madrid fans\" \/>\n<meta property=\"og:description\" content=\"Real Madrid\u2019s night at the Santiago Bernabeu turned toxic as Vinicius Jr and Jude Bellingham were loudly booed by sections [&hellip;]\" \/>\n<meta property=\"og:url\" content=\"https:\/\/bladnanews.com\/nl\/vinicius-jr-en-bellingham-uitgejouwd-door-real-madrid-fans\/\" \/>\n<meta property=\"og:site_name\" content=\"Bladna News\" \/>\n<meta property=\"article:published_time\" content=\"2026-01-17T15:01:25+00:00\" \/>\n<meta property=\"og:image\" content=\"https:\/\/bladnanews.com\/wp-content\/uploads\/2025\/12\/freepik__bladna-newscom-moroccan-soccer-homepage-banner-mor__41838.png\" \/>\n\t<meta property=\"og:image:width\" content=\"1312\" \/>\n\t<meta property=\"og:image:height\" content=\"736\" \/>\n\t<meta property=\"og:image:type\" content=\"image\/png\" \/>\n<meta name=\"author\" content=\"Bladna News Staff\" \/>\n<meta name=\"twitter:card\" content=\"summary_large_image\" \/>\n<meta name=\"twitter:label1\" content=\"Geschreven door\" \/>\n\t<meta name=\"twitter:data1\" content=\"Bladna News Staff\" \/>\n\t<meta name=\"twitter:label2\" content=\"Geschatte leestijd\" \/>\n\t<meta name=\"twitter:data2\" content=\"1 minuut\" \/>\n<script type=\"application\/ld+json\" class=\"yoast-schema-graph\">{\"@context\":\"https:\\\/\\\/schema.org\",\"@graph\":[{\"@type\":\"Article\",\"@id\":\"https:\\\/\\\/bladnanews.com\\\/vinicius-jr-and-bellingham-booed-by-real-madrid-fans\\\/#article\",\"isPartOf\":{\"@id\":\"https:\\\/\\\/bladnanews.com\\\/vinicius-jr-and-bellingham-booed-by-real-madrid-fans\\\/\"},\"author\":{\"name\":\"Bladna News Staff\",\"@id\":\"https:\\\/\\\/mediumseagreen-eel-531711.hostingersite.com\\\/#\\\/schema\\\/person\\\/268e18a453ab080ebf76df6ef7845083\"},\"headline\":\"Vinicius Jr and Bellingham booed by Real Madrid fans\",\"datePublished\":\"2026-01-17T15:01:25+00:00\",\"mainEntityOfPage\":{\"@id\":\"https:\\\/\\\/bladnanews.com\\\/vinicius-jr-and-bellingham-booed-by-real-madrid-fans\\\/\"},\"wordCount\":246,\"publisher\":{\"@id\":\"https:\\\/\\\/mediumseagreen-eel-531711.hostingersite.com\\\/#organization\"},\"image\":{\"@id\":\"https:\\\/\\\/bladnanews.com\\\/vinicius-jr-and-bellingham-booed-by-real-madrid-fans\\\/#primaryimage\"},\"thumbnailUrl\":\"https:\\\/\\\/bladnanews.com\\\/wp-content\\\/uploads\\\/2026\\\/01\\\/BladnaNews-Vinicius-Jr-and-Bellingham-booed-by-Real-Madrid-fans-2026-01-18T011114.016Z.jpg\",\"articleSection\":[\"International\",\"Latest News\"],\"inLanguage\":\"nl-NL\",\"copyrightYear\":\"2026\",\"copyrightHolder\":{\"@id\":\"https:\\\/\\\/bladnanews.com\\\/nl\\\/#organization\"}},{\"@type\":\"WebPage\",\"@id\":\"https:\\\/\\\/bladnanews.com\\\/vinicius-jr-and-bellingham-booed-by-real-madrid-fans\\\/\",\"url\":\"https:\\\/\\\/bladnanews.com\\\/vinicius-jr-and-bellingham-booed-by-real-madrid-fans\\\/\",\"name\":\"Vinicius Jr and Bellingham booed by Real Madrid fans - Bladna News\",\"isPartOf\":{\"@id\":\"https:\\\/\\\/mediumseagreen-eel-531711.hostingersite.com\\\/#website\"},\"primaryImageOfPage\":{\"@id\":\"https:\\\/\\\/bladnanews.com\\\/vinicius-jr-and-bellingham-booed-by-real-madrid-fans\\\/#primaryimage\"},\"image\":{\"@id\":\"https:\\\/\\\/bladnanews.com\\\/vinicius-jr-and-bellingham-booed-by-real-madrid-fans\\\/#primaryimage\"},\"thumbnailUrl\":\"https:\\\/\\\/bladnanews.com\\\/wp-content\\\/uploads\\\/2026\\\/01\\\/BladnaNews-Vinicius-Jr-and-Bellingham-booed-by-Real-Madrid-fans-2026-01-18T011114.016Z.jpg\",\"datePublished\":\"2026-01-17T15:01:25+00:00\",\"breadcrumb\":{\"@id\":\"https:\\\/\\\/bladnanews.com\\\/vinicius-jr-and-bellingham-booed-by-real-madrid-fans\\\/#breadcrumb\"},\"inLanguage\":\"nl-NL\",\"potentialAction\":[{\"@type\":\"ReadAction\",\"target\":[\"https:\\\/\\\/bladnanews.com\\\/vinicius-jr-and-bellingham-booed-by-real-madrid-fans\\\/\"]}]},{\"@type\":\"ImageObject\",\"inLanguage\":\"nl-NL\",\"@id\":\"https:\\\/\\\/bladnanews.com\\\/vinicius-jr-and-bellingham-booed-by-real-madrid-fans\\\/#primaryimage\",\"url\":\"https:\\\/\\\/bladnanews.com\\\/wp-content\\\/uploads\\\/2026\\\/01\\\/BladnaNews-Vinicius-Jr-and-Bellingham-booed-by-Real-Madrid-fans-2026-01-18T011114.016Z.jpg\",\"contentUrl\":\"https:\\\/\\\/bladnanews.com\\\/wp-content\\\/uploads\\\/2026\\\/01\\\/BladnaNews-Vinicius-Jr-and-Bellingham-booed-by-Real-Madrid-fans-2026-01-18T011114.016Z.jpg\",\"width\":1776,\"height\":999,\"caption\":\"Vin\u00edcius Jr. and Jude Bellingham share a moment of encouragement, both wearing striking patterned jerseys, amidst a vibrant stadium atmosphere.\"},{\"@type\":\"BreadcrumbList\",\"@id\":\"https:\\\/\\\/bladnanews.com\\\/vinicius-jr-and-bellingham-booed-by-real-madrid-fans\\\/#breadcrumb\",\"itemListElement\":[{\"@type\":\"ListItem\",\"position\":1,\"name\":\"Home\",\"item\":\"https:\\\/\\\/bladnanews.com\\\/\"},{\"@type\":\"ListItem\",\"position\":2,\"name\":\"Vinicius Jr and Bellingham booed by Real Madrid fans\"}]},{\"@type\":\"WebSite\",\"@id\":\"https:\\\/\\\/mediumseagreen-eel-531711.hostingersite.com\\\/#website\",\"url\":\"https:\\\/\\\/mediumseagreen-eel-531711.hostingersite.com\\\/\",\"name\":\"Bladna News - Morocco\",\"description\":\"Where Moroccan Football Meets the World\",\"publisher\":{\"@id\":\"https:\\\/\\\/mediumseagreen-eel-531711.hostingersite.com\\\/#organization\"},\"potentialAction\":[{\"@type\":\"SearchAction\",\"target\":{\"@type\":\"EntryPoint\",\"urlTemplate\":\"https:\\\/\\\/mediumseagreen-eel-531711.hostingersite.com\\\/?s={search_term_string}\"},\"query-input\":{\"@type\":\"PropertyValueSpecification\",\"valueRequired\":true,\"valueName\":\"search_term_string\"}}],\"inLanguage\":\"nl-NL\"},{\"@type\":\"Organization\",\"@id\":\"https:\\\/\\\/mediumseagreen-eel-531711.hostingersite.com\\\/#organization\",\"name\":\"Bladna News.com\",\"url\":\"https:\\\/\\\/mediumseagreen-eel-531711.hostingersite.com\\\/\",\"logo\":{\"@type\":\"ImageObject\",\"inLanguage\":\"nl-NL\",\"@id\":\"https:\\\/\\\/mediumseagreen-eel-531711.hostingersite.com\\\/#\\\/schema\\\/logo\\\/image\\\/\",\"url\":\"https:\\\/\\\/bladnanews.com\\\/wp-content\\\/uploads\\\/2025\\\/12\\\/logo-bladnanews-V2-web-black-red.png\",\"contentUrl\":\"https:\\\/\\\/bladnanews.com\\\/wp-content\\\/uploads\\\/2025\\\/12\\\/logo-bladnanews-V2-web-black-red.png\",\"width\":703,\"height\":287,\"caption\":\"Bladna News.com\"},\"image\":{\"@id\":\"https:\\\/\\\/mediumseagreen-eel-531711.hostingersite.com\\\/#\\\/schema\\\/logo\\\/image\\\/\"},\"email\":\"info@bladnanews.com\",\"legalName\":\"Bladna News\"},{\"@type\":\"Person\",\"@id\":\"https:\\\/\\\/mediumseagreen-eel-531711.hostingersite.com\\\/#\\\/schema\\\/person\\\/268e18a453ab080ebf76df6ef7845083\",\"name\":\"Bladna News Staff\",\"url\":\"https:\\\/\\\/bladnanews.com\\\/nl\\\/author\\\/bladna-news-staff\\\/\"}]}<\/script>\n<!-- \/ Yoast SEO Premium plugin. -->","yoast_head_json":{"title":"Vinicius Jr en Bellingham uitgejouwd door Real Madrid-fans - Bladna News","robots":{"index":"index","follow":"follow","max-snippet":"max-snippet:-1","max-image-preview":"max-image-preview:large","max-video-preview":"max-video-preview:-1"},"canonical":"https:\/\/bladnanews.com\/nl\/vinicius-jr-en-bellingham-uitgejouwd-door-real-madrid-fans\/","og_locale":"nl_NL","og_type":"article","og_title":"Vinicius Jr and Bellingham booed by Real Madrid fans","og_description":"Real Madrid\u2019s night at the Santiago Bernabeu turned toxic as Vinicius Jr and Jude Bellingham were loudly booed by sections [&hellip;]","og_url":"https:\/\/bladnanews.com\/nl\/vinicius-jr-en-bellingham-uitgejouwd-door-real-madrid-fans\/","og_site_name":"Bladna News","article_published_time":"2026-01-17T15:01:25+00:00","og_image":[{"width":1312,"height":736,"url":"https:\/\/bladnanews.com\/wp-content\/uploads\/2025\/12\/freepik__bladna-newscom-moroccan-soccer-homepage-banner-mor__41838.png","type":"image\/png"}],"author":"Bladna News Staff","twitter_card":"summary_large_image","twitter_misc":{"Geschreven door":"Bladna News Staff","Geschatte leestijd":"1 minuut"},"schema":{"@context":"https:\/\/schema.org","@graph":[{"@type":"Article","@id":"https:\/\/bladnanews.com\/vinicius-jr-and-bellingham-booed-by-real-madrid-fans\/#article","isPartOf":{"@id":"https:\/\/bladnanews.com\/vinicius-jr-and-bellingham-booed-by-real-madrid-fans\/"},"author":{"name":"Bladna News Staff","@id":"https:\/\/mediumseagreen-eel-531711.hostingersite.com\/#\/schema\/person\/268e18a453ab080ebf76df6ef7845083"},"headline":"Vinicius Jr and Bellingham booed by Real Madrid fans","datePublished":"2026-01-17T15:01:25+00:00","mainEntityOfPage":{"@id":"https:\/\/bladnanews.com\/vinicius-jr-and-bellingham-booed-by-real-madrid-fans\/"},"wordCount":246,"publisher":{"@id":"https:\/\/mediumseagreen-eel-531711.hostingersite.com\/#organization"},"image":{"@id":"https:\/\/bladnanews.com\/vinicius-jr-and-bellingham-booed-by-real-madrid-fans\/#primaryimage"},"thumbnailUrl":"https:\/\/bladnanews.com\/wp-content\/uploads\/2026\/01\/BladnaNews-Vinicius-Jr-and-Bellingham-booed-by-Real-Madrid-fans-2026-01-18T011114.016Z.jpg","articleSection":["International","Latest News"],"inLanguage":"nl-NL","copyrightYear":"2026","copyrightHolder":{"@id":"https:\/\/bladnanews.com\/nl\/#organization"}},{"@type":"WebPage","@id":"https:\/\/bladnanews.com\/vinicius-jr-and-bellingham-booed-by-real-madrid-fans\/","url":"https:\/\/bladnanews.com\/vinicius-jr-and-bellingham-booed-by-real-madrid-fans\/","name":"Vinicius Jr en Bellingham uitgejouwd door Real Madrid-fans - Bladna News","isPartOf":{"@id":"https:\/\/mediumseagreen-eel-531711.hostingersite.com\/#website"},"primaryImageOfPage":{"@id":"https:\/\/bladnanews.com\/vinicius-jr-and-bellingham-booed-by-real-madrid-fans\/#primaryimage"},"image":{"@id":"https:\/\/bladnanews.com\/vinicius-jr-and-bellingham-booed-by-real-madrid-fans\/#primaryimage"},"thumbnailUrl":"https:\/\/bladnanews.com\/wp-content\/uploads\/2026\/01\/BladnaNews-Vinicius-Jr-and-Bellingham-booed-by-Real-Madrid-fans-2026-01-18T011114.016Z.jpg","datePublished":"2026-01-17T15:01:25+00:00","breadcrumb":{"@id":"https:\/\/bladnanews.com\/vinicius-jr-and-bellingham-booed-by-real-madrid-fans\/#breadcrumb"},"inLanguage":"nl-NL","potentialAction":[{"@type":"ReadAction","target":["https:\/\/bladnanews.com\/vinicius-jr-and-bellingham-booed-by-real-madrid-fans\/"]}]},{"@type":"ImageObject","inLanguage":"nl-NL","@id":"https:\/\/bladnanews.com\/vinicius-jr-and-bellingham-booed-by-real-madrid-fans\/#primaryimage","url":"https:\/\/bladnanews.com\/wp-content\/uploads\/2026\/01\/BladnaNews-Vinicius-Jr-and-Bellingham-booed-by-Real-Madrid-fans-2026-01-18T011114.016Z.jpg","contentUrl":"https:\/\/bladnanews.com\/wp-content\/uploads\/2026\/01\/BladnaNews-Vinicius-Jr-and-Bellingham-booed-by-Real-Madrid-fans-2026-01-18T011114.016Z.jpg","width":1776,"height":999,"caption":"Vin\u00edcius Jr. and Jude Bellingham share a moment of encouragement, both wearing striking patterned jerseys, amidst a vibrant stadium atmosphere."},{"@type":"BreadcrumbList","@id":"https:\/\/bladnanews.com\/vinicius-jr-and-bellingham-booed-by-real-madrid-fans\/#breadcrumb","itemListElement":[{"@type":"ListItem","position":1,"name":"Home","item":"https:\/\/bladnanews.com\/"},{"@type":"ListItem","position":2,"name":"Vinicius Jr and Bellingham booed by Real Madrid fans"}]},{"@type":"WebSite","@id":"https:\/\/mediumseagreen-eel-531711.hostingersite.com\/#website","url":"https:\/\/mediumseagreen-eel-531711.hostingersite.com\/","name":"Bladna Nieuws - Marokko","description":"Waar Marokkaans voetbal de wereld ontmoet","publisher":{"@id":"https:\/\/mediumseagreen-eel-531711.hostingersite.com\/#organization"},"potentialAction":[{"@type":"SearchAction","target":{"@type":"EntryPoint","urlTemplate":"https:\/\/mediumseagreen-eel-531711.hostingersite.com\/?s={search_term_string}"},"query-input":{"@type":"PropertyValueSpecification","valueRequired":true,"valueName":"search_term_string"}}],"inLanguage":"nl-NL"},{"@type":"Organization","@id":"https:\/\/mediumseagreen-eel-531711.hostingersite.com\/#organization","name":"Bladna Nieuws.com","url":"https:\/\/mediumseagreen-eel-531711.hostingersite.com\/","logo":{"@type":"ImageObject","inLanguage":"nl-NL","@id":"https:\/\/mediumseagreen-eel-531711.hostingersite.com\/#\/schema\/logo\/image\/","url":"https:\/\/bladnanews.com\/wp-content\/uploads\/2025\/12\/logo-bladnanews-V2-web-black-red.png","contentUrl":"https:\/\/bladnanews.com\/wp-content\/uploads\/2025\/12\/logo-bladnanews-V2-web-black-red.png","width":703,"height":287,"caption":"Bladna News.com"},"image":{"@id":"https:\/\/mediumseagreen-eel-531711.hostingersite.com\/#\/schema\/logo\/image\/"},"email":"info@bladnanews.com","legalName":"Bladna News"},{"@type":"Person","@id":"https:\/\/mediumseagreen-eel-531711.hostingersite.com\/#\/schema\/person\/268e18a453ab080ebf76df6ef7845083","name":"Bladna Nieuwsredactie","url":"https:\/\/bladnanews.com\/nl\/author\/bladna-news-staff\/"}]}},"_links":{"self":[{"href":"https:\/\/bladnanews.com\/nl\/wp-json\/wp\/v2\/posts\/6667","targetHints":{"allow":["GET"]}}],"collection":[{"href":"https:\/\/bladnanews.com\/nl\/wp-json\/wp\/v2\/posts"}],"about":[{"href":"https:\/\/bladnanews.com\/nl\/wp-json\/wp\/v2\/types\/post"}],"author":[{"embeddable":true,"href":"https:\/\/bladnanews.com\/nl\/wp-json\/wp\/v2\/users\/3"}],"replies":[{"embeddable":true,"href":"https:\/\/bladnanews.com\/nl\/wp-json\/wp\/v2\/comments?post=6667"}],"version-history":[{"count":0,"href":"https:\/\/bladnanews.com\/nl\/wp-json\/wp\/v2\/posts\/6667\/revisions"}],"wp:featuredmedia":[{"embeddable":true,"href":"https:\/\/bladnanews.com\/nl\/wp-json\/wp\/v2\/media\/6666"}],"wp:attachment":[{"href":"https:\/\/bladnanews.com\/nl\/wp-json\/wp\/v2\/media?parent=6667"}],"wp:term":[{"taxonomy":"category","embeddable":true,"href":"https:\/\/bladnanews.com\/nl\/wp-json\/wp\/v2\/categories?post=6667"},{"taxonomy":"post_tag","embeddable":true,"href":"https:\/\/bladnanews.com\/nl\/wp-json\/wp\/v2\/tags?post=6667"}],"curies":[{"name":"wp","href":"https:\/\/api.w.org\/{rel}","templated":true}]}}