{"id":7629,"date":"2026-01-24T15:16:10","date_gmt":"2026-01-24T15:16:10","guid":{"rendered":"https:\/\/bladnanews.com\/diego-simeone-snaps-at-julian-alvarez-transfer-question\/"},"modified":"2026-01-24T15:16:10","modified_gmt":"2026-01-24T15:16:10","slug":"diego-simeone-reageert-geprikkeld-op-vraag-over-julian-alvarez-transfer","status":"publish","type":"post","link":"https:\/\/bladnanews.com\/nl\/diego-simeone-reageert-geprikkeld-op-vraag-over-julian-alvarez-transfer\/","title":{"rendered":"Diego Simeone reageert geprikkeld op vraag over transfer Julian \u00c1lvarez"},"content":{"rendered":"<p>Diego Simeone reageerde geprikkeld toen hem werd gevraagd naar de toekomst van Juli\u00e1n \u00c1lvarez, nadat de aanvaller van Atl\u00e9tico Madrid in verband was gebracht met zowel Arsenal als Barcelona.<\/p>\n<p>De coach van Atl\u00e9tico, sprekend in de aanloop naar de volgende wedstrijd van de club, maakte duidelijk dat hij geen vragen over een mogelijke transfer wilde beantwoorden. Simeone reageerde scherp op de suggestie dat \u00c1lvarez wel eens zou kunnen vertrekken en schoot terug: <strong>\u201cMeen je dat serieus?!\u201d<\/strong><\/p>\n<p>\u00c1lvarez staat steeds meer in de belangstelling vanwege zijn prestaties dit seizoen, met geruchten over een overstap naar de Premier League of een terugkeer naar de titelstrijd in La Liga bij een andere club. De naam van de Argentijnse international wordt met name in verband gebracht met Arsenal en Barcelona, waardoor het onderwerp centraal stond tijdens Simeone's mediaverplichtingen.<\/p>\n<p>Maar Simeone gaf geen enkele aanmoediging aan de speculatie en sloot het onderwerp juist snel af, waarbij hij weigerde zich te laten meeslepen in discussies over transfergeruchten. De reactie van de Atl\u00e9tico-coach onderstreepte zijn frustratie over het feit dat hij werd gevraagd te reageren op geruchten, terwijl hij de focus op het heden wilde houden.<\/p>\n<p>Ook bleek dat de situatie van \u00c1lvarez een terugkerend gespreksonderwerp is geworden rond Atl\u00e9tico, waarbij de externe belangstelling aanhoudt ondanks dat de club volop bezig is met het seizoen.<\/p>\n<p>Voor nu is Simeone vastbesloten zich te concentreren op de resultaten op het veld in plaats van op de ruis erbuiten, terwijl Atl\u00e9tico de momentum probeert vast te houden met \u00c1lvarez als een belangrijk onderdeel van zijn plannen.<\/p>","protected":false},"excerpt":{"rendered":"<p>Diego Simeone bristled when asked about Julian Alvarez\u2019s future after the Atletico Madrid forward was linked with both Arsenal and [&hellip;]<\/p>\n","protected":false},"author":3,"featured_media":7628,"comment_status":"","ping_status":"open","sticky":false,"template":"","format":"standard","meta":{"googlesitekit_rrm_CAow_uzEDA:productID":"","site-sidebar-layout":"default","site-content-layout":"","ast-site-content-layout":"default","site-content-style":"default","site-sidebar-style":"default","ast-global-header-display":"","ast-banner-title-visibility":"","ast-main-header-display":"","ast-hfb-above-header-display":"","ast-hfb-below-header-display":"","ast-hfb-mobile-header-display":"","site-post-title":"","ast-breadcrumbs-content":"","ast-featured-img":"","footer-sml-layout":"","ast-disable-related-posts":"","theme-transparent-header-meta":"","adv-header-id-meta":"","stick-header-meta":"","header-above-stick-meta":"","header-main-stick-meta":"","header-below-stick-meta":"","astra-migrate-meta-layouts":"default","ast-page-background-enabled":"default","ast-page-background-meta":{"desktop":{"background-color":"var(--ast-global-color-5)","background-image":"","background-repeat":"repeat","background-position":"center center","background-size":"auto","background-attachment":"scroll","background-type":"","background-media":"","overlay-type":"","overlay-color":"","overlay-opacity":"","overlay-gradient":""},"tablet":{"background-color":"","background-image":"","background-repeat":"repeat","background-position":"center center","background-size":"auto","background-attachment":"scroll","background-type":"","background-media":"","overlay-type":"","overlay-color":"","overlay-opacity":"","overlay-gradient":""},"mobile":{"background-color":"","background-image":"","background-repeat":"repeat","background-position":"center center","background-size":"auto","background-attachment":"scroll","background-type":"","background-media":"","overlay-type":"","overlay-color":"","overlay-opacity":"","overlay-gradient":""}},"ast-content-background-meta":{"desktop":{"background-color":"var(--ast-global-color-4)","background-image":"","background-repeat":"repeat","background-position":"center center","background-size":"auto","background-attachment":"scroll","background-type":"","background-media":"","overlay-type":"","overlay-color":"","overlay-opacity":"","overlay-gradient":""},"tablet":{"background-color":"var(--ast-global-color-4)","background-image":"","background-repeat":"repeat","background-position":"center center","background-size":"auto","background-attachment":"scroll","background-type":"","background-media":"","overlay-type":"","overlay-color":"","overlay-opacity":"","overlay-gradient":""},"mobile":{"background-color":"var(--ast-global-color-4)","background-image":"","background-repeat":"repeat","background-position":"center center","background-size":"auto","background-attachment":"scroll","background-type":"","background-media":"","overlay-type":"","overlay-color":"","overlay-opacity":"","overlay-gradient":""}},"footnotes":""},"categories":[20,1],"tags":[],"class_list":["post-7629","post","type-post","status-publish","format-standard","has-post-thumbnail","hentry","category-international","category-football-latest-news"],"yoast_head":"<!-- This site is optimized with the Yoast SEO Premium plugin v26.6 (Yoast SEO v27.4) - https:\/\/yoast.com\/product\/yoast-seo-premium-wordpress\/ -->\n<title>Diego Simeone snaps at Julian Alvarez transfer question - Bladna News<\/title>\n<meta name=\"robots\" content=\"index, follow, max-snippet:-1, max-image-preview:large, max-video-preview:-1\" \/>\n<link rel=\"canonical\" href=\"https:\/\/bladnanews.com\/nl\/diego-simeone-reageert-geprikkeld-op-vraag-over-julian-alvarez-transfer\/\" \/>\n<meta property=\"og:locale\" content=\"nl_NL\" \/>\n<meta property=\"og:type\" content=\"article\" \/>\n<meta property=\"og:title\" content=\"Diego Simeone snaps at Julian Alvarez transfer question\" \/>\n<meta property=\"og:description\" content=\"Diego Simeone bristled when asked about Julian Alvarez\u2019s future after the Atletico Madrid forward was linked with both Arsenal and [&hellip;]\" \/>\n<meta property=\"og:url\" content=\"https:\/\/bladnanews.com\/nl\/diego-simeone-reageert-geprikkeld-op-vraag-over-julian-alvarez-transfer\/\" \/>\n<meta property=\"og:site_name\" content=\"Bladna News\" \/>\n<meta property=\"article:published_time\" content=\"2026-01-24T15:16:10+00:00\" \/>\n<meta property=\"og:image\" content=\"https:\/\/bladnanews.com\/wp-content\/uploads\/2025\/12\/freepik__bladna-newscom-moroccan-soccer-homepage-banner-mor__41838.png\" \/>\n\t<meta property=\"og:image:width\" content=\"1312\" \/>\n\t<meta property=\"og:image:height\" content=\"736\" \/>\n\t<meta property=\"og:image:type\" content=\"image\/png\" \/>\n<meta name=\"author\" content=\"Bladna News Staff\" \/>\n<meta name=\"twitter:card\" content=\"summary_large_image\" \/>\n<meta name=\"twitter:label1\" content=\"Geschreven door\" \/>\n\t<meta name=\"twitter:data1\" content=\"Bladna News Staff\" \/>\n\t<meta name=\"twitter:label2\" content=\"Geschatte leestijd\" \/>\n\t<meta name=\"twitter:data2\" content=\"1 minuut\" \/>\n<script type=\"application\/ld+json\" class=\"yoast-schema-graph\">{\"@context\":\"https:\\\/\\\/schema.org\",\"@graph\":[{\"@type\":\"Article\",\"@id\":\"https:\\\/\\\/bladnanews.com\\\/diego-simeone-snaps-at-julian-alvarez-transfer-question\\\/#article\",\"isPartOf\":{\"@id\":\"https:\\\/\\\/bladnanews.com\\\/diego-simeone-snaps-at-julian-alvarez-transfer-question\\\/\"},\"author\":{\"name\":\"Bladna News Staff\",\"@id\":\"https:\\\/\\\/mediumseagreen-eel-531711.hostingersite.com\\\/#\\\/schema\\\/person\\\/268e18a453ab080ebf76df6ef7845083\"},\"headline\":\"Diego Simeone snaps at Julian Alvarez transfer question\",\"datePublished\":\"2026-01-24T15:16:10+00:00\",\"mainEntityOfPage\":{\"@id\":\"https:\\\/\\\/bladnanews.com\\\/diego-simeone-snaps-at-julian-alvarez-transfer-question\\\/\"},\"wordCount\":251,\"publisher\":{\"@id\":\"https:\\\/\\\/mediumseagreen-eel-531711.hostingersite.com\\\/#organization\"},\"image\":{\"@id\":\"https:\\\/\\\/bladnanews.com\\\/diego-simeone-snaps-at-julian-alvarez-transfer-question\\\/#primaryimage\"},\"thumbnailUrl\":\"https:\\\/\\\/bladnanews.com\\\/wp-content\\\/uploads\\\/2026\\\/01\\\/BladnaNews-Diego-Simeone-snaps-at-Julian-Alvarez-transfer-question-2026-01-25T090931.359Z-scaled.jpg\",\"articleSection\":[\"International\",\"Latest News\"],\"inLanguage\":\"nl-NL\",\"copyrightYear\":\"2026\",\"copyrightHolder\":{\"@id\":\"https:\\\/\\\/bladnanews.com\\\/nl\\\/#organization\"}},{\"@type\":\"WebPage\",\"@id\":\"https:\\\/\\\/bladnanews.com\\\/diego-simeone-snaps-at-julian-alvarez-transfer-question\\\/\",\"url\":\"https:\\\/\\\/bladnanews.com\\\/diego-simeone-snaps-at-julian-alvarez-transfer-question\\\/\",\"name\":\"Diego Simeone snaps at Julian Alvarez transfer question - Bladna News\",\"isPartOf\":{\"@id\":\"https:\\\/\\\/mediumseagreen-eel-531711.hostingersite.com\\\/#website\"},\"primaryImageOfPage\":{\"@id\":\"https:\\\/\\\/bladnanews.com\\\/diego-simeone-snaps-at-julian-alvarez-transfer-question\\\/#primaryimage\"},\"image\":{\"@id\":\"https:\\\/\\\/bladnanews.com\\\/diego-simeone-snaps-at-julian-alvarez-transfer-question\\\/#primaryimage\"},\"thumbnailUrl\":\"https:\\\/\\\/bladnanews.com\\\/wp-content\\\/uploads\\\/2026\\\/01\\\/BladnaNews-Diego-Simeone-snaps-at-Julian-Alvarez-transfer-question-2026-01-25T090931.359Z-scaled.jpg\",\"datePublished\":\"2026-01-24T15:16:10+00:00\",\"breadcrumb\":{\"@id\":\"https:\\\/\\\/bladnanews.com\\\/diego-simeone-snaps-at-julian-alvarez-transfer-question\\\/#breadcrumb\"},\"inLanguage\":\"nl-NL\",\"potentialAction\":[{\"@type\":\"ReadAction\",\"target\":[\"https:\\\/\\\/bladnanews.com\\\/diego-simeone-snaps-at-julian-alvarez-transfer-question\\\/\"]}]},{\"@type\":\"ImageObject\",\"inLanguage\":\"nl-NL\",\"@id\":\"https:\\\/\\\/bladnanews.com\\\/diego-simeone-snaps-at-julian-alvarez-transfer-question\\\/#primaryimage\",\"url\":\"https:\\\/\\\/bladnanews.com\\\/wp-content\\\/uploads\\\/2026\\\/01\\\/BladnaNews-Diego-Simeone-snaps-at-Julian-Alvarez-transfer-question-2026-01-25T090931.359Z-scaled.jpg\",\"contentUrl\":\"https:\\\/\\\/bladnanews.com\\\/wp-content\\\/uploads\\\/2026\\\/01\\\/BladnaNews-Diego-Simeone-snaps-at-Julian-Alvarez-transfer-question-2026-01-25T090931.359Z-scaled.jpg\",\"width\":2560,\"height\":1440,\"caption\":\"Diego Simeone, in a black suit, walks pensively ahead of a match, with a blurred stadium crowd in the background.\"},{\"@type\":\"BreadcrumbList\",\"@id\":\"https:\\\/\\\/bladnanews.com\\\/diego-simeone-snaps-at-julian-alvarez-transfer-question\\\/#breadcrumb\",\"itemListElement\":[{\"@type\":\"ListItem\",\"position\":1,\"name\":\"Home\",\"item\":\"https:\\\/\\\/bladnanews.com\\\/\"},{\"@type\":\"ListItem\",\"position\":2,\"name\":\"Diego Simeone snaps at Julian Alvarez transfer question\"}]},{\"@type\":\"WebSite\",\"@id\":\"https:\\\/\\\/mediumseagreen-eel-531711.hostingersite.com\\\/#website\",\"url\":\"https:\\\/\\\/mediumseagreen-eel-531711.hostingersite.com\\\/\",\"name\":\"Bladna News - Morocco\",\"description\":\"Where Moroccan Football Meets the World\",\"publisher\":{\"@id\":\"https:\\\/\\\/mediumseagreen-eel-531711.hostingersite.com\\\/#organization\"},\"potentialAction\":[{\"@type\":\"SearchAction\",\"target\":{\"@type\":\"EntryPoint\",\"urlTemplate\":\"https:\\\/\\\/mediumseagreen-eel-531711.hostingersite.com\\\/?s={search_term_string}\"},\"query-input\":{\"@type\":\"PropertyValueSpecification\",\"valueRequired\":true,\"valueName\":\"search_term_string\"}}],\"inLanguage\":\"nl-NL\"},{\"@type\":\"Organization\",\"@id\":\"https:\\\/\\\/mediumseagreen-eel-531711.hostingersite.com\\\/#organization\",\"name\":\"Bladna News.com\",\"url\":\"https:\\\/\\\/mediumseagreen-eel-531711.hostingersite.com\\\/\",\"logo\":{\"@type\":\"ImageObject\",\"inLanguage\":\"nl-NL\",\"@id\":\"https:\\\/\\\/mediumseagreen-eel-531711.hostingersite.com\\\/#\\\/schema\\\/logo\\\/image\\\/\",\"url\":\"https:\\\/\\\/bladnanews.com\\\/wp-content\\\/uploads\\\/2025\\\/12\\\/logo-bladnanews-V2-web-black-red.png\",\"contentUrl\":\"https:\\\/\\\/bladnanews.com\\\/wp-content\\\/uploads\\\/2025\\\/12\\\/logo-bladnanews-V2-web-black-red.png\",\"width\":703,\"height\":287,\"caption\":\"Bladna News.com\"},\"image\":{\"@id\":\"https:\\\/\\\/mediumseagreen-eel-531711.hostingersite.com\\\/#\\\/schema\\\/logo\\\/image\\\/\"},\"email\":\"info@bladnanews.com\",\"legalName\":\"Bladna News\"},{\"@type\":\"Person\",\"@id\":\"https:\\\/\\\/mediumseagreen-eel-531711.hostingersite.com\\\/#\\\/schema\\\/person\\\/268e18a453ab080ebf76df6ef7845083\",\"name\":\"Bladna News Staff\",\"url\":\"https:\\\/\\\/bladnanews.com\\\/nl\\\/author\\\/bladna-news-staff\\\/\"}]}<\/script>\n<!-- \/ Yoast SEO Premium plugin. -->","yoast_head_json":{"title":"Diego Simeone reageert geprikkeld op vraag over transfer Julian Alvarez - Bladna News","robots":{"index":"index","follow":"follow","max-snippet":"max-snippet:-1","max-image-preview":"max-image-preview:large","max-video-preview":"max-video-preview:-1"},"canonical":"https:\/\/bladnanews.com\/nl\/diego-simeone-reageert-geprikkeld-op-vraag-over-julian-alvarez-transfer\/","og_locale":"nl_NL","og_type":"article","og_title":"Diego Simeone snaps at Julian Alvarez transfer question","og_description":"Diego Simeone bristled when asked about Julian Alvarez\u2019s future after the Atletico Madrid forward was linked with both Arsenal and [&hellip;]","og_url":"https:\/\/bladnanews.com\/nl\/diego-simeone-reageert-geprikkeld-op-vraag-over-julian-alvarez-transfer\/","og_site_name":"Bladna News","article_published_time":"2026-01-24T15:16:10+00:00","og_image":[{"width":1312,"height":736,"url":"https:\/\/bladnanews.com\/wp-content\/uploads\/2025\/12\/freepik__bladna-newscom-moroccan-soccer-homepage-banner-mor__41838.png","type":"image\/png"}],"author":"Bladna News Staff","twitter_card":"summary_large_image","twitter_misc":{"Geschreven door":"Bladna News Staff","Geschatte leestijd":"1 minuut"},"schema":{"@context":"https:\/\/schema.org","@graph":[{"@type":"Article","@id":"https:\/\/bladnanews.com\/diego-simeone-snaps-at-julian-alvarez-transfer-question\/#article","isPartOf":{"@id":"https:\/\/bladnanews.com\/diego-simeone-snaps-at-julian-alvarez-transfer-question\/"},"author":{"name":"Bladna News Staff","@id":"https:\/\/mediumseagreen-eel-531711.hostingersite.com\/#\/schema\/person\/268e18a453ab080ebf76df6ef7845083"},"headline":"Diego Simeone snaps at Julian Alvarez transfer question","datePublished":"2026-01-24T15:16:10+00:00","mainEntityOfPage":{"@id":"https:\/\/bladnanews.com\/diego-simeone-snaps-at-julian-alvarez-transfer-question\/"},"wordCount":251,"publisher":{"@id":"https:\/\/mediumseagreen-eel-531711.hostingersite.com\/#organization"},"image":{"@id":"https:\/\/bladnanews.com\/diego-simeone-snaps-at-julian-alvarez-transfer-question\/#primaryimage"},"thumbnailUrl":"https:\/\/bladnanews.com\/wp-content\/uploads\/2026\/01\/BladnaNews-Diego-Simeone-snaps-at-Julian-Alvarez-transfer-question-2026-01-25T090931.359Z-scaled.jpg","articleSection":["International","Latest News"],"inLanguage":"nl-NL","copyrightYear":"2026","copyrightHolder":{"@id":"https:\/\/bladnanews.com\/nl\/#organization"}},{"@type":"WebPage","@id":"https:\/\/bladnanews.com\/diego-simeone-snaps-at-julian-alvarez-transfer-question\/","url":"https:\/\/bladnanews.com\/diego-simeone-snaps-at-julian-alvarez-transfer-question\/","name":"Diego Simeone reageert geprikkeld op vraag over transfer Julian Alvarez - Bladna News","isPartOf":{"@id":"https:\/\/mediumseagreen-eel-531711.hostingersite.com\/#website"},"primaryImageOfPage":{"@id":"https:\/\/bladnanews.com\/diego-simeone-snaps-at-julian-alvarez-transfer-question\/#primaryimage"},"image":{"@id":"https:\/\/bladnanews.com\/diego-simeone-snaps-at-julian-alvarez-transfer-question\/#primaryimage"},"thumbnailUrl":"https:\/\/bladnanews.com\/wp-content\/uploads\/2026\/01\/BladnaNews-Diego-Simeone-snaps-at-Julian-Alvarez-transfer-question-2026-01-25T090931.359Z-scaled.jpg","datePublished":"2026-01-24T15:16:10+00:00","breadcrumb":{"@id":"https:\/\/bladnanews.com\/diego-simeone-snaps-at-julian-alvarez-transfer-question\/#breadcrumb"},"inLanguage":"nl-NL","potentialAction":[{"@type":"ReadAction","target":["https:\/\/bladnanews.com\/diego-simeone-snaps-at-julian-alvarez-transfer-question\/"]}]},{"@type":"ImageObject","inLanguage":"nl-NL","@id":"https:\/\/bladnanews.com\/diego-simeone-snaps-at-julian-alvarez-transfer-question\/#primaryimage","url":"https:\/\/bladnanews.com\/wp-content\/uploads\/2026\/01\/BladnaNews-Diego-Simeone-snaps-at-Julian-Alvarez-transfer-question-2026-01-25T090931.359Z-scaled.jpg","contentUrl":"https:\/\/bladnanews.com\/wp-content\/uploads\/2026\/01\/BladnaNews-Diego-Simeone-snaps-at-Julian-Alvarez-transfer-question-2026-01-25T090931.359Z-scaled.jpg","width":2560,"height":1440,"caption":"Diego Simeone, in a black suit, walks pensively ahead of a match, with a blurred stadium crowd in the background."},{"@type":"BreadcrumbList","@id":"https:\/\/bladnanews.com\/diego-simeone-snaps-at-julian-alvarez-transfer-question\/#breadcrumb","itemListElement":[{"@type":"ListItem","position":1,"name":"Home","item":"https:\/\/bladnanews.com\/"},{"@type":"ListItem","position":2,"name":"Diego Simeone snaps at Julian Alvarez transfer question"}]},{"@type":"WebSite","@id":"https:\/\/mediumseagreen-eel-531711.hostingersite.com\/#website","url":"https:\/\/mediumseagreen-eel-531711.hostingersite.com\/","name":"Bladna Nieuws - Marokko","description":"Waar Marokkaans voetbal de wereld ontmoet","publisher":{"@id":"https:\/\/mediumseagreen-eel-531711.hostingersite.com\/#organization"},"potentialAction":[{"@type":"SearchAction","target":{"@type":"EntryPoint","urlTemplate":"https:\/\/mediumseagreen-eel-531711.hostingersite.com\/?s={search_term_string}"},"query-input":{"@type":"PropertyValueSpecification","valueRequired":true,"valueName":"search_term_string"}}],"inLanguage":"nl-NL"},{"@type":"Organization","@id":"https:\/\/mediumseagreen-eel-531711.hostingersite.com\/#organization","name":"Bladna Nieuws.com","url":"https:\/\/mediumseagreen-eel-531711.hostingersite.com\/","logo":{"@type":"ImageObject","inLanguage":"nl-NL","@id":"https:\/\/mediumseagreen-eel-531711.hostingersite.com\/#\/schema\/logo\/image\/","url":"https:\/\/bladnanews.com\/wp-content\/uploads\/2025\/12\/logo-bladnanews-V2-web-black-red.png","contentUrl":"https:\/\/bladnanews.com\/wp-content\/uploads\/2025\/12\/logo-bladnanews-V2-web-black-red.png","width":703,"height":287,"caption":"Bladna News.com"},"image":{"@id":"https:\/\/mediumseagreen-eel-531711.hostingersite.com\/#\/schema\/logo\/image\/"},"email":"info@bladnanews.com","legalName":"Bladna News"},{"@type":"Person","@id":"https:\/\/mediumseagreen-eel-531711.hostingersite.com\/#\/schema\/person\/268e18a453ab080ebf76df6ef7845083","name":"Bladna Nieuwsredactie","url":"https:\/\/bladnanews.com\/nl\/author\/bladna-news-staff\/"}]}},"_links":{"self":[{"href":"https:\/\/bladnanews.com\/nl\/wp-json\/wp\/v2\/posts\/7629","targetHints":{"allow":["GET"]}}],"collection":[{"href":"https:\/\/bladnanews.com\/nl\/wp-json\/wp\/v2\/posts"}],"about":[{"href":"https:\/\/bladnanews.com\/nl\/wp-json\/wp\/v2\/types\/post"}],"author":[{"embeddable":true,"href":"https:\/\/bladnanews.com\/nl\/wp-json\/wp\/v2\/users\/3"}],"replies":[{"embeddable":true,"href":"https:\/\/bladnanews.com\/nl\/wp-json\/wp\/v2\/comments?post=7629"}],"version-history":[{"count":0,"href":"https:\/\/bladnanews.com\/nl\/wp-json\/wp\/v2\/posts\/7629\/revisions"}],"wp:featuredmedia":[{"embeddable":true,"href":"https:\/\/bladnanews.com\/nl\/wp-json\/wp\/v2\/media\/7628"}],"wp:attachment":[{"href":"https:\/\/bladnanews.com\/nl\/wp-json\/wp\/v2\/media?parent=7629"}],"wp:term":[{"taxonomy":"category","embeddable":true,"href":"https:\/\/bladnanews.com\/nl\/wp-json\/wp\/v2\/categories?post=7629"},{"taxonomy":"post_tag","embeddable":true,"href":"https:\/\/bladnanews.com\/nl\/wp-json\/wp\/v2\/tags?post=7629"}],"curies":[{"name":"wp","href":"https:\/\/api.w.org\/{rel}","templated":true}]}}