{"id":8117,"date":"2026-01-29T09:48:31","date_gmt":"2026-01-29T09:48:31","guid":{"rendered":"https:\/\/bladnanews.com\/pep-guardiola-to-thank-jose-mourinho-as-man-city-benefit\/"},"modified":"2026-01-29T09:48:31","modified_gmt":"2026-01-29T09:48:31","slug":"pep-guardiola-bedankt-jose-mourinho-terwijl-manchester-city-profiteert","status":"publish","type":"post","link":"https:\/\/bladnanews.com\/nl\/pep-guardiola-bedankt-jose-mourinho-terwijl-manchester-city-profiteert\/","title":{"rendered":"Pep Guardiola bedankt Jose Mourinho nu Manchester City profiteert"},"content":{"rendered":"<p>Pep Guardiola zal een bedankbericht sturen aan Jose Mourinho nadat Manchester City profiteerde van een beslissing die de voormalige Real Madrid-coach tijdens zijn periode bij Benfica nam.<\/p>\n<p>City heeft stappen ondernomen om de selectie te versterken en heeft nu een overeenkomst bereikt met Benfica voor Matheus Nunes. De Portugese international zal zich bij de Premier League-kampioen voegen nadat de clubs een deal ter waarde van \u20ac62 miljoen hebben vastgesteld.<\/p>\n<p>Deze transfer is geholpen door een uniek beleid bij Benfica dat teruggaat tot Mourinho's periode als hoofdcoach van de Lisabon-club in 2000. Het is onthuld dat Mourinho een \u201cstrategie\u201d introduceerde die ervoor zorgt dat Benfica een doorverkoopclausule opneemt bij de verkoop van spelers, waardoor ze opnieuw kunnen profiteren als die speler in de toekomst wordt doorverkocht.<\/p>\n<p>Benfica had Nunes in 9 van Sporting CP gehaald, en toen ze in 2022 zijn verkoop aan Wolverhampton Wanderers overeenkwamen, bevatte de deal een doorverkoopclausule van 10 procent. Die clausule betekent dat Sporting CP, de vorige club van Nunes, nu recht heeft op een deel van de betaling van City.<\/p>\n<p>Als gevolg hiervan is het totale pakket dat City met Benfica heeft overeengekomen, verlaagd ten opzichte van de oorspronkelijke vraagprijs, in het besef dat een deel van het geld vanwege die clausule naar Sporting CP zal gaan. Het is een opzet die Benfica jarenlang in het voordeel heeft gewerkt \u2013 maar in dit geval heeft het City geholpen hun gewenste speler binnen te halen.<\/p>\n<p>Guardiola zal Nunes verwelkomen terwijl City ernaar streeft om belangrijke blessures op te vangen en diepte toe te voegen v\u00f3\u00f3r een veeleisend nieuw seizoen. En doordat Benfica's langlopende aanpak een rol speelde in de uiteindelijke financi\u00eble afwikkeling, heeft de City-baas een oude rivaal te bedanken.<\/p>","protected":false},"excerpt":{"rendered":"<p>Pep Guardiola will be sending a thank you message to Jose Mourinho after Manchester City benefited from a decision taken [&hellip;]<\/p>\n","protected":false},"author":3,"featured_media":8116,"comment_status":"","ping_status":"open","sticky":false,"template":"","format":"standard","meta":{"googlesitekit_rrm_CAow_uzEDA:productID":"","site-sidebar-layout":"default","site-content-layout":"","ast-site-content-layout":"default","site-content-style":"default","site-sidebar-style":"default","ast-global-header-display":"","ast-banner-title-visibility":"","ast-main-header-display":"","ast-hfb-above-header-display":"","ast-hfb-below-header-display":"","ast-hfb-mobile-header-display":"","site-post-title":"","ast-breadcrumbs-content":"","ast-featured-img":"","footer-sml-layout":"","ast-disable-related-posts":"","theme-transparent-header-meta":"","adv-header-id-meta":"","stick-header-meta":"","header-above-stick-meta":"","header-main-stick-meta":"","header-below-stick-meta":"","astra-migrate-meta-layouts":"default","ast-page-background-enabled":"default","ast-page-background-meta":{"desktop":{"background-color":"var(--ast-global-color-5)","background-image":"","background-repeat":"repeat","background-position":"center center","background-size":"auto","background-attachment":"scroll","background-type":"","background-media":"","overlay-type":"","overlay-color":"","overlay-opacity":"","overlay-gradient":""},"tablet":{"background-color":"","background-image":"","background-repeat":"repeat","background-position":"center center","background-size":"auto","background-attachment":"scroll","background-type":"","background-media":"","overlay-type":"","overlay-color":"","overlay-opacity":"","overlay-gradient":""},"mobile":{"background-color":"","background-image":"","background-repeat":"repeat","background-position":"center center","background-size":"auto","background-attachment":"scroll","background-type":"","background-media":"","overlay-type":"","overlay-color":"","overlay-opacity":"","overlay-gradient":""}},"ast-content-background-meta":{"desktop":{"background-color":"var(--ast-global-color-4)","background-image":"","background-repeat":"repeat","background-position":"center center","background-size":"auto","background-attachment":"scroll","background-type":"","background-media":"","overlay-type":"","overlay-color":"","overlay-opacity":"","overlay-gradient":""},"tablet":{"background-color":"var(--ast-global-color-4)","background-image":"","background-repeat":"repeat","background-position":"center center","background-size":"auto","background-attachment":"scroll","background-type":"","background-media":"","overlay-type":"","overlay-color":"","overlay-opacity":"","overlay-gradient":""},"mobile":{"background-color":"var(--ast-global-color-4)","background-image":"","background-repeat":"repeat","background-position":"center center","background-size":"auto","background-attachment":"scroll","background-type":"","background-media":"","overlay-type":"","overlay-color":"","overlay-opacity":"","overlay-gradient":""}},"footnotes":""},"categories":[20,1],"tags":[],"class_list":["post-8117","post","type-post","status-publish","format-standard","has-post-thumbnail","hentry","category-international","category-football-latest-news"],"yoast_head":"<!-- This site is optimized with the Yoast SEO Premium plugin v26.6 (Yoast SEO v27.4) - https:\/\/yoast.com\/product\/yoast-seo-premium-wordpress\/ -->\n<title>Pep Guardiola to thank Jose Mourinho as Man City benefit - Bladna News<\/title>\n<meta name=\"robots\" content=\"index, follow, max-snippet:-1, max-image-preview:large, max-video-preview:-1\" \/>\n<link rel=\"canonical\" href=\"https:\/\/bladnanews.com\/nl\/pep-guardiola-bedankt-jose-mourinho-terwijl-manchester-city-profiteert\/\" \/>\n<meta property=\"og:locale\" content=\"nl_NL\" \/>\n<meta property=\"og:type\" content=\"article\" \/>\n<meta property=\"og:title\" content=\"Pep Guardiola to thank Jose Mourinho as Man City benefit\" \/>\n<meta property=\"og:description\" content=\"Pep Guardiola will be sending a thank you message to Jose Mourinho after Manchester City benefited from a decision taken [&hellip;]\" \/>\n<meta property=\"og:url\" content=\"https:\/\/bladnanews.com\/nl\/pep-guardiola-bedankt-jose-mourinho-terwijl-manchester-city-profiteert\/\" \/>\n<meta property=\"og:site_name\" content=\"Bladna News\" \/>\n<meta property=\"article:published_time\" content=\"2026-01-29T09:48:31+00:00\" \/>\n<meta property=\"og:image\" content=\"https:\/\/bladnanews.com\/wp-content\/uploads\/2025\/12\/freepik__bladna-newscom-moroccan-soccer-homepage-banner-mor__41838.png\" \/>\n\t<meta property=\"og:image:width\" content=\"1312\" \/>\n\t<meta property=\"og:image:height\" content=\"736\" \/>\n\t<meta property=\"og:image:type\" content=\"image\/png\" \/>\n<meta name=\"author\" content=\"Bladna News Staff\" \/>\n<meta name=\"twitter:card\" content=\"summary_large_image\" \/>\n<meta name=\"twitter:label1\" content=\"Geschreven door\" \/>\n\t<meta name=\"twitter:data1\" content=\"Bladna News Staff\" \/>\n\t<meta name=\"twitter:label2\" content=\"Geschatte leestijd\" \/>\n\t<meta name=\"twitter:data2\" content=\"1 minuut\" \/>\n<script type=\"application\/ld+json\" class=\"yoast-schema-graph\">{\"@context\":\"https:\\\/\\\/schema.org\",\"@graph\":[{\"@type\":\"Article\",\"@id\":\"https:\\\/\\\/bladnanews.com\\\/pep-guardiola-to-thank-jose-mourinho-as-man-city-benefit\\\/#article\",\"isPartOf\":{\"@id\":\"https:\\\/\\\/bladnanews.com\\\/pep-guardiola-to-thank-jose-mourinho-as-man-city-benefit\\\/\"},\"author\":{\"name\":\"Bladna News Staff\",\"@id\":\"https:\\\/\\\/mediumseagreen-eel-531711.hostingersite.com\\\/#\\\/schema\\\/person\\\/268e18a453ab080ebf76df6ef7845083\"},\"headline\":\"Pep Guardiola to thank Jose Mourinho as Man City benefit\",\"datePublished\":\"2026-01-29T09:48:31+00:00\",\"mainEntityOfPage\":{\"@id\":\"https:\\\/\\\/bladnanews.com\\\/pep-guardiola-to-thank-jose-mourinho-as-man-city-benefit\\\/\"},\"wordCount\":285,\"publisher\":{\"@id\":\"https:\\\/\\\/mediumseagreen-eel-531711.hostingersite.com\\\/#organization\"},\"image\":{\"@id\":\"https:\\\/\\\/bladnanews.com\\\/pep-guardiola-to-thank-jose-mourinho-as-man-city-benefit\\\/#primaryimage\"},\"thumbnailUrl\":\"https:\\\/\\\/bladnanews.com\\\/wp-content\\\/uploads\\\/2026\\\/01\\\/BladnaNews-Pep-Guardiola-to-thank-Jose-Mourinho-as-Man-City-benefit-2026-01-29T170936.229Z.jpg\",\"articleSection\":[\"International\",\"Latest News\"],\"inLanguage\":\"nl-NL\",\"copyrightYear\":\"2026\",\"copyrightHolder\":{\"@id\":\"https:\\\/\\\/bladnanews.com\\\/nl\\\/#organization\"}},{\"@type\":\"WebPage\",\"@id\":\"https:\\\/\\\/bladnanews.com\\\/pep-guardiola-to-thank-jose-mourinho-as-man-city-benefit\\\/\",\"url\":\"https:\\\/\\\/bladnanews.com\\\/pep-guardiola-to-thank-jose-mourinho-as-man-city-benefit\\\/\",\"name\":\"Pep Guardiola to thank Jose Mourinho as Man City benefit - Bladna News\",\"isPartOf\":{\"@id\":\"https:\\\/\\\/mediumseagreen-eel-531711.hostingersite.com\\\/#website\"},\"primaryImageOfPage\":{\"@id\":\"https:\\\/\\\/bladnanews.com\\\/pep-guardiola-to-thank-jose-mourinho-as-man-city-benefit\\\/#primaryimage\"},\"image\":{\"@id\":\"https:\\\/\\\/bladnanews.com\\\/pep-guardiola-to-thank-jose-mourinho-as-man-city-benefit\\\/#primaryimage\"},\"thumbnailUrl\":\"https:\\\/\\\/bladnanews.com\\\/wp-content\\\/uploads\\\/2026\\\/01\\\/BladnaNews-Pep-Guardiola-to-thank-Jose-Mourinho-as-Man-City-benefit-2026-01-29T170936.229Z.jpg\",\"datePublished\":\"2026-01-29T09:48:31+00:00\",\"breadcrumb\":{\"@id\":\"https:\\\/\\\/bladnanews.com\\\/pep-guardiola-to-thank-jose-mourinho-as-man-city-benefit\\\/#breadcrumb\"},\"inLanguage\":\"nl-NL\",\"potentialAction\":[{\"@type\":\"ReadAction\",\"target\":[\"https:\\\/\\\/bladnanews.com\\\/pep-guardiola-to-thank-jose-mourinho-as-man-city-benefit\\\/\"]}]},{\"@type\":\"ImageObject\",\"inLanguage\":\"nl-NL\",\"@id\":\"https:\\\/\\\/bladnanews.com\\\/pep-guardiola-to-thank-jose-mourinho-as-man-city-benefit\\\/#primaryimage\",\"url\":\"https:\\\/\\\/bladnanews.com\\\/wp-content\\\/uploads\\\/2026\\\/01\\\/BladnaNews-Pep-Guardiola-to-thank-Jose-Mourinho-as-Man-City-benefit-2026-01-29T170936.229Z.jpg\",\"contentUrl\":\"https:\\\/\\\/bladnanews.com\\\/wp-content\\\/uploads\\\/2026\\\/01\\\/BladnaNews-Pep-Guardiola-to-thank-Jose-Mourinho-as-Man-City-benefit-2026-01-29T170936.229Z.jpg\",\"width\":1920,\"height\":1080,\"caption\":\"Pep Guardiola, in a black jacket, applauds on the left, while Jos\u00e9 Mourinho, smiling in a black and white coat, stands on the right.\"},{\"@type\":\"BreadcrumbList\",\"@id\":\"https:\\\/\\\/bladnanews.com\\\/pep-guardiola-to-thank-jose-mourinho-as-man-city-benefit\\\/#breadcrumb\",\"itemListElement\":[{\"@type\":\"ListItem\",\"position\":1,\"name\":\"Home\",\"item\":\"https:\\\/\\\/bladnanews.com\\\/\"},{\"@type\":\"ListItem\",\"position\":2,\"name\":\"Pep Guardiola to thank Jose Mourinho as Man City benefit\"}]},{\"@type\":\"WebSite\",\"@id\":\"https:\\\/\\\/mediumseagreen-eel-531711.hostingersite.com\\\/#website\",\"url\":\"https:\\\/\\\/mediumseagreen-eel-531711.hostingersite.com\\\/\",\"name\":\"Bladna News - Morocco\",\"description\":\"Where Moroccan Football Meets the World\",\"publisher\":{\"@id\":\"https:\\\/\\\/mediumseagreen-eel-531711.hostingersite.com\\\/#organization\"},\"potentialAction\":[{\"@type\":\"SearchAction\",\"target\":{\"@type\":\"EntryPoint\",\"urlTemplate\":\"https:\\\/\\\/mediumseagreen-eel-531711.hostingersite.com\\\/?s={search_term_string}\"},\"query-input\":{\"@type\":\"PropertyValueSpecification\",\"valueRequired\":true,\"valueName\":\"search_term_string\"}}],\"inLanguage\":\"nl-NL\"},{\"@type\":\"Organization\",\"@id\":\"https:\\\/\\\/mediumseagreen-eel-531711.hostingersite.com\\\/#organization\",\"name\":\"Bladna News.com\",\"url\":\"https:\\\/\\\/mediumseagreen-eel-531711.hostingersite.com\\\/\",\"logo\":{\"@type\":\"ImageObject\",\"inLanguage\":\"nl-NL\",\"@id\":\"https:\\\/\\\/mediumseagreen-eel-531711.hostingersite.com\\\/#\\\/schema\\\/logo\\\/image\\\/\",\"url\":\"https:\\\/\\\/bladnanews.com\\\/wp-content\\\/uploads\\\/2025\\\/12\\\/logo-bladnanews-V2-web-black-red.png\",\"contentUrl\":\"https:\\\/\\\/bladnanews.com\\\/wp-content\\\/uploads\\\/2025\\\/12\\\/logo-bladnanews-V2-web-black-red.png\",\"width\":703,\"height\":287,\"caption\":\"Bladna News.com\"},\"image\":{\"@id\":\"https:\\\/\\\/mediumseagreen-eel-531711.hostingersite.com\\\/#\\\/schema\\\/logo\\\/image\\\/\"},\"email\":\"info@bladnanews.com\",\"legalName\":\"Bladna News\"},{\"@type\":\"Person\",\"@id\":\"https:\\\/\\\/mediumseagreen-eel-531711.hostingersite.com\\\/#\\\/schema\\\/person\\\/268e18a453ab080ebf76df6ef7845083\",\"name\":\"Bladna News Staff\",\"url\":\"https:\\\/\\\/bladnanews.com\\\/nl\\\/author\\\/bladna-news-staff\\\/\"}]}<\/script>\n<!-- \/ Yoast SEO Premium plugin. -->","yoast_head_json":{"title":"Pep Guardiola bedankt Jose Mourinho nu Manchester City ervan profiteert - Bladna Nieuws","robots":{"index":"index","follow":"follow","max-snippet":"max-snippet:-1","max-image-preview":"max-image-preview:large","max-video-preview":"max-video-preview:-1"},"canonical":"https:\/\/bladnanews.com\/nl\/pep-guardiola-bedankt-jose-mourinho-terwijl-manchester-city-profiteert\/","og_locale":"nl_NL","og_type":"article","og_title":"Pep Guardiola to thank Jose Mourinho as Man City benefit","og_description":"Pep Guardiola will be sending a thank you message to Jose Mourinho after Manchester City benefited from a decision taken [&hellip;]","og_url":"https:\/\/bladnanews.com\/nl\/pep-guardiola-bedankt-jose-mourinho-terwijl-manchester-city-profiteert\/","og_site_name":"Bladna News","article_published_time":"2026-01-29T09:48:31+00:00","og_image":[{"width":1312,"height":736,"url":"https:\/\/bladnanews.com\/wp-content\/uploads\/2025\/12\/freepik__bladna-newscom-moroccan-soccer-homepage-banner-mor__41838.png","type":"image\/png"}],"author":"Bladna News Staff","twitter_card":"summary_large_image","twitter_misc":{"Geschreven door":"Bladna News Staff","Geschatte leestijd":"1 minuut"},"schema":{"@context":"https:\/\/schema.org","@graph":[{"@type":"Article","@id":"https:\/\/bladnanews.com\/pep-guardiola-to-thank-jose-mourinho-as-man-city-benefit\/#article","isPartOf":{"@id":"https:\/\/bladnanews.com\/pep-guardiola-to-thank-jose-mourinho-as-man-city-benefit\/"},"author":{"name":"Bladna News Staff","@id":"https:\/\/mediumseagreen-eel-531711.hostingersite.com\/#\/schema\/person\/268e18a453ab080ebf76df6ef7845083"},"headline":"Pep Guardiola to thank Jose Mourinho as Man City benefit","datePublished":"2026-01-29T09:48:31+00:00","mainEntityOfPage":{"@id":"https:\/\/bladnanews.com\/pep-guardiola-to-thank-jose-mourinho-as-man-city-benefit\/"},"wordCount":285,"publisher":{"@id":"https:\/\/mediumseagreen-eel-531711.hostingersite.com\/#organization"},"image":{"@id":"https:\/\/bladnanews.com\/pep-guardiola-to-thank-jose-mourinho-as-man-city-benefit\/#primaryimage"},"thumbnailUrl":"https:\/\/bladnanews.com\/wp-content\/uploads\/2026\/01\/BladnaNews-Pep-Guardiola-to-thank-Jose-Mourinho-as-Man-City-benefit-2026-01-29T170936.229Z.jpg","articleSection":["International","Latest News"],"inLanguage":"nl-NL","copyrightYear":"2026","copyrightHolder":{"@id":"https:\/\/bladnanews.com\/nl\/#organization"}},{"@type":"WebPage","@id":"https:\/\/bladnanews.com\/pep-guardiola-to-thank-jose-mourinho-as-man-city-benefit\/","url":"https:\/\/bladnanews.com\/pep-guardiola-to-thank-jose-mourinho-as-man-city-benefit\/","name":"Pep Guardiola bedankt Jose Mourinho nu Manchester City ervan profiteert - Bladna Nieuws","isPartOf":{"@id":"https:\/\/mediumseagreen-eel-531711.hostingersite.com\/#website"},"primaryImageOfPage":{"@id":"https:\/\/bladnanews.com\/pep-guardiola-to-thank-jose-mourinho-as-man-city-benefit\/#primaryimage"},"image":{"@id":"https:\/\/bladnanews.com\/pep-guardiola-to-thank-jose-mourinho-as-man-city-benefit\/#primaryimage"},"thumbnailUrl":"https:\/\/bladnanews.com\/wp-content\/uploads\/2026\/01\/BladnaNews-Pep-Guardiola-to-thank-Jose-Mourinho-as-Man-City-benefit-2026-01-29T170936.229Z.jpg","datePublished":"2026-01-29T09:48:31+00:00","breadcrumb":{"@id":"https:\/\/bladnanews.com\/pep-guardiola-to-thank-jose-mourinho-as-man-city-benefit\/#breadcrumb"},"inLanguage":"nl-NL","potentialAction":[{"@type":"ReadAction","target":["https:\/\/bladnanews.com\/pep-guardiola-to-thank-jose-mourinho-as-man-city-benefit\/"]}]},{"@type":"ImageObject","inLanguage":"nl-NL","@id":"https:\/\/bladnanews.com\/pep-guardiola-to-thank-jose-mourinho-as-man-city-benefit\/#primaryimage","url":"https:\/\/bladnanews.com\/wp-content\/uploads\/2026\/01\/BladnaNews-Pep-Guardiola-to-thank-Jose-Mourinho-as-Man-City-benefit-2026-01-29T170936.229Z.jpg","contentUrl":"https:\/\/bladnanews.com\/wp-content\/uploads\/2026\/01\/BladnaNews-Pep-Guardiola-to-thank-Jose-Mourinho-as-Man-City-benefit-2026-01-29T170936.229Z.jpg","width":1920,"height":1080,"caption":"Pep Guardiola, in a black jacket, applauds on the left, while Jos\u00e9 Mourinho, smiling in a black and white coat, stands on the right."},{"@type":"BreadcrumbList","@id":"https:\/\/bladnanews.com\/pep-guardiola-to-thank-jose-mourinho-as-man-city-benefit\/#breadcrumb","itemListElement":[{"@type":"ListItem","position":1,"name":"Home","item":"https:\/\/bladnanews.com\/"},{"@type":"ListItem","position":2,"name":"Pep Guardiola to thank Jose Mourinho as Man City benefit"}]},{"@type":"WebSite","@id":"https:\/\/mediumseagreen-eel-531711.hostingersite.com\/#website","url":"https:\/\/mediumseagreen-eel-531711.hostingersite.com\/","name":"Bladna Nieuws - Marokko","description":"Waar Marokkaans voetbal de wereld ontmoet","publisher":{"@id":"https:\/\/mediumseagreen-eel-531711.hostingersite.com\/#organization"},"potentialAction":[{"@type":"SearchAction","target":{"@type":"EntryPoint","urlTemplate":"https:\/\/mediumseagreen-eel-531711.hostingersite.com\/?s={search_term_string}"},"query-input":{"@type":"PropertyValueSpecification","valueRequired":true,"valueName":"search_term_string"}}],"inLanguage":"nl-NL"},{"@type":"Organization","@id":"https:\/\/mediumseagreen-eel-531711.hostingersite.com\/#organization","name":"Bladna Nieuws.com","url":"https:\/\/mediumseagreen-eel-531711.hostingersite.com\/","logo":{"@type":"ImageObject","inLanguage":"nl-NL","@id":"https:\/\/mediumseagreen-eel-531711.hostingersite.com\/#\/schema\/logo\/image\/","url":"https:\/\/bladnanews.com\/wp-content\/uploads\/2025\/12\/logo-bladnanews-V2-web-black-red.png","contentUrl":"https:\/\/bladnanews.com\/wp-content\/uploads\/2025\/12\/logo-bladnanews-V2-web-black-red.png","width":703,"height":287,"caption":"Bladna News.com"},"image":{"@id":"https:\/\/mediumseagreen-eel-531711.hostingersite.com\/#\/schema\/logo\/image\/"},"email":"info@bladnanews.com","legalName":"Bladna News"},{"@type":"Person","@id":"https:\/\/mediumseagreen-eel-531711.hostingersite.com\/#\/schema\/person\/268e18a453ab080ebf76df6ef7845083","name":"Bladna Nieuwsredactie","url":"https:\/\/bladnanews.com\/nl\/author\/bladna-news-staff\/"}]}},"_links":{"self":[{"href":"https:\/\/bladnanews.com\/nl\/wp-json\/wp\/v2\/posts\/8117","targetHints":{"allow":["GET"]}}],"collection":[{"href":"https:\/\/bladnanews.com\/nl\/wp-json\/wp\/v2\/posts"}],"about":[{"href":"https:\/\/bladnanews.com\/nl\/wp-json\/wp\/v2\/types\/post"}],"author":[{"embeddable":true,"href":"https:\/\/bladnanews.com\/nl\/wp-json\/wp\/v2\/users\/3"}],"replies":[{"embeddable":true,"href":"https:\/\/bladnanews.com\/nl\/wp-json\/wp\/v2\/comments?post=8117"}],"version-history":[{"count":0,"href":"https:\/\/bladnanews.com\/nl\/wp-json\/wp\/v2\/posts\/8117\/revisions"}],"wp:featuredmedia":[{"embeddable":true,"href":"https:\/\/bladnanews.com\/nl\/wp-json\/wp\/v2\/media\/8116"}],"wp:attachment":[{"href":"https:\/\/bladnanews.com\/nl\/wp-json\/wp\/v2\/media?parent=8117"}],"wp:term":[{"taxonomy":"category","embeddable":true,"href":"https:\/\/bladnanews.com\/nl\/wp-json\/wp\/v2\/categories?post=8117"},{"taxonomy":"post_tag","embeddable":true,"href":"https:\/\/bladnanews.com\/nl\/wp-json\/wp\/v2\/tags?post=8117"}],"curies":[{"name":"wp","href":"https:\/\/api.w.org\/{rel}","templated":true}]}}