{"id":8153,"date":"2026-01-29T13:49:17","date_gmt":"2026-01-29T13:49:17","guid":{"rendered":"https:\/\/bladnanews.com\/why-ryan-giggs-was-withdrawn-from-premier-league-hall-of-fame-induction\/"},"modified":"2026-01-29T13:49:17","modified_gmt":"2026-01-29T13:49:17","slug":"waarom-ryan-giggs-werd-teruggetrokken-uit-de-opname-in-de-premier-league-hall-of-fame","status":"publish","type":"post","link":"https:\/\/bladnanews.com\/nl\/waarom-ryan-giggs-werd-teruggetrokken-uit-de-opname-in-de-premier-league-hall-of-fame\/","title":{"rendered":"Waarom Ryan Giggs werd teruggetrokken voor opname in de Premier League Hall of Fame"},"content":{"rendered":"<p>Ryan Giggs werd in 2021 verwijderd uit de inaugurele Hall of Fame-lichting van de Premier League, nadat de competitie besloot hem niet op te nemen zolang hij onderwerp was van strafrechtelijke vervolging.<\/p>\n<p>Giggs was aanvankelijk geselecteerd als een van de eerste opgenomen spelers toen de Premier League de Hall of Fame lanceerde, maar zijn geplande deelname werd teruggetrokken v\u00f3\u00f3r de offici\u00eble aankondiging. De competitie nam dit besluit omdat hij destijds terecht moest staan.<\/p>\n<p>De voormalige Manchester United-aanvaller werd in april 2021 aangeklaagd voor het mishandelen van zijn ex-vriendin Kate Greville en voor grensoverschrijdend controlerend gedrag tussen 2017 en 2020. Ook werd hij aangeklaagd voor het mishandelen van Grevilles zus, Emma, in november 2020. Giggs ontkende alle beschuldigingen.<\/p>\n<p>De Premier League Hall of Fame werd in het leven geroepen om de beste spelers uit de geschiedenis van de competitie te eren, waarbij de eerste groep in 2021 werd bekendgemaakt.<\/p>\n<p>Giggs behoort tot de meest onderscheiden spelers uit het Premier League-tijdperk, met een erfenis die hij opbouwde tijdens een prijzenrijke periode bij Manchester United.<\/p>\n<p>In juli 2023 werd Giggs van alle aanklachten vrijgesproken nadat het Openbaar Ministerie aangaf geen nieuwe rechtszaak te zullen starten. De zaak was eerder in 2022 be\u00ebindigd omdat een jury geen unanieme uitspraak kon bereiken, waarna een nieuwe rechtszaak werd gepland en later werd geschrapt.<\/p>\n<p>Omdat het juridische proces nog liep ten tijde van de lancering van de Hall of Fame, koos de Premier League ervoor Giggs uit de inaugurele lichting te verwijderen.<\/p>","protected":false},"excerpt":{"rendered":"<p>Ryan Giggs was removed from the Premier League\u2019s inaugural Hall of Fame class in 2021 after the league decided it [&hellip;]<\/p>\n","protected":false},"author":3,"featured_media":8152,"comment_status":"","ping_status":"open","sticky":false,"template":"","format":"standard","meta":{"googlesitekit_rrm_CAow_uzEDA:productID":"","site-sidebar-layout":"default","site-content-layout":"","ast-site-content-layout":"default","site-content-style":"default","site-sidebar-style":"default","ast-global-header-display":"","ast-banner-title-visibility":"","ast-main-header-display":"","ast-hfb-above-header-display":"","ast-hfb-below-header-display":"","ast-hfb-mobile-header-display":"","site-post-title":"","ast-breadcrumbs-content":"","ast-featured-img":"","footer-sml-layout":"","ast-disable-related-posts":"","theme-transparent-header-meta":"","adv-header-id-meta":"","stick-header-meta":"","header-above-stick-meta":"","header-main-stick-meta":"","header-below-stick-meta":"","astra-migrate-meta-layouts":"default","ast-page-background-enabled":"default","ast-page-background-meta":{"desktop":{"background-color":"var(--ast-global-color-5)","background-image":"","background-repeat":"repeat","background-position":"center center","background-size":"auto","background-attachment":"scroll","background-type":"","background-media":"","overlay-type":"","overlay-color":"","overlay-opacity":"","overlay-gradient":""},"tablet":{"background-color":"","background-image":"","background-repeat":"repeat","background-position":"center center","background-size":"auto","background-attachment":"scroll","background-type":"","background-media":"","overlay-type":"","overlay-color":"","overlay-opacity":"","overlay-gradient":""},"mobile":{"background-color":"","background-image":"","background-repeat":"repeat","background-position":"center center","background-size":"auto","background-attachment":"scroll","background-type":"","background-media":"","overlay-type":"","overlay-color":"","overlay-opacity":"","overlay-gradient":""}},"ast-content-background-meta":{"desktop":{"background-color":"var(--ast-global-color-4)","background-image":"","background-repeat":"repeat","background-position":"center center","background-size":"auto","background-attachment":"scroll","background-type":"","background-media":"","overlay-type":"","overlay-color":"","overlay-opacity":"","overlay-gradient":""},"tablet":{"background-color":"var(--ast-global-color-4)","background-image":"","background-repeat":"repeat","background-position":"center center","background-size":"auto","background-attachment":"scroll","background-type":"","background-media":"","overlay-type":"","overlay-color":"","overlay-opacity":"","overlay-gradient":""},"mobile":{"background-color":"var(--ast-global-color-4)","background-image":"","background-repeat":"repeat","background-position":"center center","background-size":"auto","background-attachment":"scroll","background-type":"","background-media":"","overlay-type":"","overlay-color":"","overlay-opacity":"","overlay-gradient":""}},"footnotes":""},"categories":[20,1],"tags":[],"class_list":["post-8153","post","type-post","status-publish","format-standard","has-post-thumbnail","hentry","category-international","category-football-latest-news"],"yoast_head":"<!-- This site is optimized with the Yoast SEO Premium plugin v26.6 (Yoast SEO v27.4) - https:\/\/yoast.com\/product\/yoast-seo-premium-wordpress\/ -->\n<title>Why Ryan Giggs was withdrawn from Premier League Hall of Fame induction - Bladna News<\/title>\n<meta name=\"robots\" content=\"index, follow, max-snippet:-1, max-image-preview:large, max-video-preview:-1\" \/>\n<link rel=\"canonical\" href=\"https:\/\/bladnanews.com\/nl\/waarom-ryan-giggs-werd-teruggetrokken-uit-de-opname-in-de-premier-league-hall-of-fame\/\" \/>\n<meta property=\"og:locale\" content=\"nl_NL\" \/>\n<meta property=\"og:type\" content=\"article\" \/>\n<meta property=\"og:title\" content=\"Why Ryan Giggs was withdrawn from Premier League Hall of Fame induction\" \/>\n<meta property=\"og:description\" content=\"Ryan Giggs was removed from the Premier League\u2019s inaugural Hall of Fame class in 2021 after the league decided it [&hellip;]\" \/>\n<meta property=\"og:url\" content=\"https:\/\/bladnanews.com\/nl\/waarom-ryan-giggs-werd-teruggetrokken-uit-de-opname-in-de-premier-league-hall-of-fame\/\" \/>\n<meta property=\"og:site_name\" content=\"Bladna News\" \/>\n<meta property=\"article:published_time\" content=\"2026-01-29T13:49:17+00:00\" \/>\n<meta property=\"og:image\" content=\"https:\/\/bladnanews.com\/wp-content\/uploads\/2025\/12\/freepik__bladna-newscom-moroccan-soccer-homepage-banner-mor__41838.png\" \/>\n\t<meta property=\"og:image:width\" content=\"1312\" \/>\n\t<meta property=\"og:image:height\" content=\"736\" \/>\n\t<meta property=\"og:image:type\" content=\"image\/png\" \/>\n<meta name=\"author\" content=\"Bladna News Staff\" \/>\n<meta name=\"twitter:card\" content=\"summary_large_image\" \/>\n<meta name=\"twitter:label1\" content=\"Geschreven door\" \/>\n\t<meta name=\"twitter:data1\" content=\"Bladna News Staff\" \/>\n\t<meta name=\"twitter:label2\" content=\"Geschatte leestijd\" \/>\n\t<meta name=\"twitter:data2\" content=\"1 minuut\" \/>\n<script type=\"application\/ld+json\" class=\"yoast-schema-graph\">{\"@context\":\"https:\\\/\\\/schema.org\",\"@graph\":[{\"@type\":\"Article\",\"@id\":\"https:\\\/\\\/bladnanews.com\\\/why-ryan-giggs-was-withdrawn-from-premier-league-hall-of-fame-induction\\\/#article\",\"isPartOf\":{\"@id\":\"https:\\\/\\\/bladnanews.com\\\/why-ryan-giggs-was-withdrawn-from-premier-league-hall-of-fame-induction\\\/\"},\"author\":{\"name\":\"Bladna News Staff\",\"@id\":\"https:\\\/\\\/mediumseagreen-eel-531711.hostingersite.com\\\/#\\\/schema\\\/person\\\/268e18a453ab080ebf76df6ef7845083\"},\"headline\":\"Why Ryan Giggs was withdrawn from Premier League Hall of Fame induction\",\"datePublished\":\"2026-01-29T13:49:17+00:00\",\"mainEntityOfPage\":{\"@id\":\"https:\\\/\\\/bladnanews.com\\\/why-ryan-giggs-was-withdrawn-from-premier-league-hall-of-fame-induction\\\/\"},\"wordCount\":233,\"publisher\":{\"@id\":\"https:\\\/\\\/mediumseagreen-eel-531711.hostingersite.com\\\/#organization\"},\"image\":{\"@id\":\"https:\\\/\\\/bladnanews.com\\\/why-ryan-giggs-was-withdrawn-from-premier-league-hall-of-fame-induction\\\/#primaryimage\"},\"thumbnailUrl\":\"https:\\\/\\\/bladnanews.com\\\/wp-content\\\/uploads\\\/2026\\\/01\\\/BladnaNews-Why-Ryan-Giggs-was-withdrawn-from-Premier-League-Hall-of-Fame-induction-2026-01-30T011028.674Z.jpg\",\"articleSection\":[\"International\",\"Latest News\"],\"inLanguage\":\"nl-NL\",\"copyrightYear\":\"2026\",\"copyrightHolder\":{\"@id\":\"https:\\\/\\\/bladnanews.com\\\/nl\\\/#organization\"}},{\"@type\":\"WebPage\",\"@id\":\"https:\\\/\\\/bladnanews.com\\\/why-ryan-giggs-was-withdrawn-from-premier-league-hall-of-fame-induction\\\/\",\"url\":\"https:\\\/\\\/bladnanews.com\\\/why-ryan-giggs-was-withdrawn-from-premier-league-hall-of-fame-induction\\\/\",\"name\":\"Why Ryan Giggs was withdrawn from Premier League Hall of Fame induction - Bladna News\",\"isPartOf\":{\"@id\":\"https:\\\/\\\/mediumseagreen-eel-531711.hostingersite.com\\\/#website\"},\"primaryImageOfPage\":{\"@id\":\"https:\\\/\\\/bladnanews.com\\\/why-ryan-giggs-was-withdrawn-from-premier-league-hall-of-fame-induction\\\/#primaryimage\"},\"image\":{\"@id\":\"https:\\\/\\\/bladnanews.com\\\/why-ryan-giggs-was-withdrawn-from-premier-league-hall-of-fame-induction\\\/#primaryimage\"},\"thumbnailUrl\":\"https:\\\/\\\/bladnanews.com\\\/wp-content\\\/uploads\\\/2026\\\/01\\\/BladnaNews-Why-Ryan-Giggs-was-withdrawn-from-Premier-League-Hall-of-Fame-induction-2026-01-30T011028.674Z.jpg\",\"datePublished\":\"2026-01-29T13:49:17+00:00\",\"breadcrumb\":{\"@id\":\"https:\\\/\\\/bladnanews.com\\\/why-ryan-giggs-was-withdrawn-from-premier-league-hall-of-fame-induction\\\/#breadcrumb\"},\"inLanguage\":\"nl-NL\",\"potentialAction\":[{\"@type\":\"ReadAction\",\"target\":[\"https:\\\/\\\/bladnanews.com\\\/why-ryan-giggs-was-withdrawn-from-premier-league-hall-of-fame-induction\\\/\"]}]},{\"@type\":\"ImageObject\",\"inLanguage\":\"nl-NL\",\"@id\":\"https:\\\/\\\/bladnanews.com\\\/why-ryan-giggs-was-withdrawn-from-premier-league-hall-of-fame-induction\\\/#primaryimage\",\"url\":\"https:\\\/\\\/bladnanews.com\\\/wp-content\\\/uploads\\\/2026\\\/01\\\/BladnaNews-Why-Ryan-Giggs-was-withdrawn-from-Premier-League-Hall-of-Fame-induction-2026-01-30T011028.674Z.jpg\",\"contentUrl\":\"https:\\\/\\\/bladnanews.com\\\/wp-content\\\/uploads\\\/2026\\\/01\\\/BladnaNews-Why-Ryan-Giggs-was-withdrawn-from-Premier-League-Hall-of-Fame-induction-2026-01-30T011028.674Z.jpg\",\"width\":1776,\"height\":999,\"caption\":\"Ryan Giggs, wearing a black training jacket with \u2018RG\u2019 initials, appears contemplative on the pitch, reflecting his leadership role.\"},{\"@type\":\"BreadcrumbList\",\"@id\":\"https:\\\/\\\/bladnanews.com\\\/why-ryan-giggs-was-withdrawn-from-premier-league-hall-of-fame-induction\\\/#breadcrumb\",\"itemListElement\":[{\"@type\":\"ListItem\",\"position\":1,\"name\":\"Home\",\"item\":\"https:\\\/\\\/bladnanews.com\\\/\"},{\"@type\":\"ListItem\",\"position\":2,\"name\":\"Why Ryan Giggs was withdrawn from Premier League Hall of Fame induction\"}]},{\"@type\":\"WebSite\",\"@id\":\"https:\\\/\\\/mediumseagreen-eel-531711.hostingersite.com\\\/#website\",\"url\":\"https:\\\/\\\/mediumseagreen-eel-531711.hostingersite.com\\\/\",\"name\":\"Bladna News - Morocco\",\"description\":\"Where Moroccan Football Meets the World\",\"publisher\":{\"@id\":\"https:\\\/\\\/mediumseagreen-eel-531711.hostingersite.com\\\/#organization\"},\"potentialAction\":[{\"@type\":\"SearchAction\",\"target\":{\"@type\":\"EntryPoint\",\"urlTemplate\":\"https:\\\/\\\/mediumseagreen-eel-531711.hostingersite.com\\\/?s={search_term_string}\"},\"query-input\":{\"@type\":\"PropertyValueSpecification\",\"valueRequired\":true,\"valueName\":\"search_term_string\"}}],\"inLanguage\":\"nl-NL\"},{\"@type\":\"Organization\",\"@id\":\"https:\\\/\\\/mediumseagreen-eel-531711.hostingersite.com\\\/#organization\",\"name\":\"Bladna News.com\",\"url\":\"https:\\\/\\\/mediumseagreen-eel-531711.hostingersite.com\\\/\",\"logo\":{\"@type\":\"ImageObject\",\"inLanguage\":\"nl-NL\",\"@id\":\"https:\\\/\\\/mediumseagreen-eel-531711.hostingersite.com\\\/#\\\/schema\\\/logo\\\/image\\\/\",\"url\":\"https:\\\/\\\/bladnanews.com\\\/wp-content\\\/uploads\\\/2025\\\/12\\\/logo-bladnanews-V2-web-black-red.png\",\"contentUrl\":\"https:\\\/\\\/bladnanews.com\\\/wp-content\\\/uploads\\\/2025\\\/12\\\/logo-bladnanews-V2-web-black-red.png\",\"width\":703,\"height\":287,\"caption\":\"Bladna News.com\"},\"image\":{\"@id\":\"https:\\\/\\\/mediumseagreen-eel-531711.hostingersite.com\\\/#\\\/schema\\\/logo\\\/image\\\/\"},\"email\":\"info@bladnanews.com\",\"legalName\":\"Bladna News\"},{\"@type\":\"Person\",\"@id\":\"https:\\\/\\\/mediumseagreen-eel-531711.hostingersite.com\\\/#\\\/schema\\\/person\\\/268e18a453ab080ebf76df6ef7845083\",\"name\":\"Bladna News Staff\",\"url\":\"https:\\\/\\\/bladnanews.com\\\/nl\\\/author\\\/bladna-news-staff\\\/\"}]}<\/script>\n<!-- \/ Yoast SEO Premium plugin. -->","yoast_head_json":{"title":"Waarom Ryan Giggs werd teruggetrokken uit de opname in de Premier League Hall of Fame - Bladna News","robots":{"index":"index","follow":"follow","max-snippet":"max-snippet:-1","max-image-preview":"max-image-preview:large","max-video-preview":"max-video-preview:-1"},"canonical":"https:\/\/bladnanews.com\/nl\/waarom-ryan-giggs-werd-teruggetrokken-uit-de-opname-in-de-premier-league-hall-of-fame\/","og_locale":"nl_NL","og_type":"article","og_title":"Why Ryan Giggs was withdrawn from Premier League Hall of Fame induction","og_description":"Ryan Giggs was removed from the Premier League\u2019s inaugural Hall of Fame class in 2021 after the league decided it [&hellip;]","og_url":"https:\/\/bladnanews.com\/nl\/waarom-ryan-giggs-werd-teruggetrokken-uit-de-opname-in-de-premier-league-hall-of-fame\/","og_site_name":"Bladna News","article_published_time":"2026-01-29T13:49:17+00:00","og_image":[{"width":1312,"height":736,"url":"https:\/\/bladnanews.com\/wp-content\/uploads\/2025\/12\/freepik__bladna-newscom-moroccan-soccer-homepage-banner-mor__41838.png","type":"image\/png"}],"author":"Bladna News Staff","twitter_card":"summary_large_image","twitter_misc":{"Geschreven door":"Bladna News Staff","Geschatte leestijd":"1 minuut"},"schema":{"@context":"https:\/\/schema.org","@graph":[{"@type":"Article","@id":"https:\/\/bladnanews.com\/why-ryan-giggs-was-withdrawn-from-premier-league-hall-of-fame-induction\/#article","isPartOf":{"@id":"https:\/\/bladnanews.com\/why-ryan-giggs-was-withdrawn-from-premier-league-hall-of-fame-induction\/"},"author":{"name":"Bladna News Staff","@id":"https:\/\/mediumseagreen-eel-531711.hostingersite.com\/#\/schema\/person\/268e18a453ab080ebf76df6ef7845083"},"headline":"Why Ryan Giggs was withdrawn from Premier League Hall of Fame induction","datePublished":"2026-01-29T13:49:17+00:00","mainEntityOfPage":{"@id":"https:\/\/bladnanews.com\/why-ryan-giggs-was-withdrawn-from-premier-league-hall-of-fame-induction\/"},"wordCount":233,"publisher":{"@id":"https:\/\/mediumseagreen-eel-531711.hostingersite.com\/#organization"},"image":{"@id":"https:\/\/bladnanews.com\/why-ryan-giggs-was-withdrawn-from-premier-league-hall-of-fame-induction\/#primaryimage"},"thumbnailUrl":"https:\/\/bladnanews.com\/wp-content\/uploads\/2026\/01\/BladnaNews-Why-Ryan-Giggs-was-withdrawn-from-Premier-League-Hall-of-Fame-induction-2026-01-30T011028.674Z.jpg","articleSection":["International","Latest News"],"inLanguage":"nl-NL","copyrightYear":"2026","copyrightHolder":{"@id":"https:\/\/bladnanews.com\/nl\/#organization"}},{"@type":"WebPage","@id":"https:\/\/bladnanews.com\/why-ryan-giggs-was-withdrawn-from-premier-league-hall-of-fame-induction\/","url":"https:\/\/bladnanews.com\/why-ryan-giggs-was-withdrawn-from-premier-league-hall-of-fame-induction\/","name":"Waarom Ryan Giggs werd teruggetrokken uit de opname in de Premier League Hall of Fame - Bladna News","isPartOf":{"@id":"https:\/\/mediumseagreen-eel-531711.hostingersite.com\/#website"},"primaryImageOfPage":{"@id":"https:\/\/bladnanews.com\/why-ryan-giggs-was-withdrawn-from-premier-league-hall-of-fame-induction\/#primaryimage"},"image":{"@id":"https:\/\/bladnanews.com\/why-ryan-giggs-was-withdrawn-from-premier-league-hall-of-fame-induction\/#primaryimage"},"thumbnailUrl":"https:\/\/bladnanews.com\/wp-content\/uploads\/2026\/01\/BladnaNews-Why-Ryan-Giggs-was-withdrawn-from-Premier-League-Hall-of-Fame-induction-2026-01-30T011028.674Z.jpg","datePublished":"2026-01-29T13:49:17+00:00","breadcrumb":{"@id":"https:\/\/bladnanews.com\/why-ryan-giggs-was-withdrawn-from-premier-league-hall-of-fame-induction\/#breadcrumb"},"inLanguage":"nl-NL","potentialAction":[{"@type":"ReadAction","target":["https:\/\/bladnanews.com\/why-ryan-giggs-was-withdrawn-from-premier-league-hall-of-fame-induction\/"]}]},{"@type":"ImageObject","inLanguage":"nl-NL","@id":"https:\/\/bladnanews.com\/why-ryan-giggs-was-withdrawn-from-premier-league-hall-of-fame-induction\/#primaryimage","url":"https:\/\/bladnanews.com\/wp-content\/uploads\/2026\/01\/BladnaNews-Why-Ryan-Giggs-was-withdrawn-from-Premier-League-Hall-of-Fame-induction-2026-01-30T011028.674Z.jpg","contentUrl":"https:\/\/bladnanews.com\/wp-content\/uploads\/2026\/01\/BladnaNews-Why-Ryan-Giggs-was-withdrawn-from-Premier-League-Hall-of-Fame-induction-2026-01-30T011028.674Z.jpg","width":1776,"height":999,"caption":"Ryan Giggs, wearing a black training jacket with \u2018RG\u2019 initials, appears contemplative on the pitch, reflecting his leadership role."},{"@type":"BreadcrumbList","@id":"https:\/\/bladnanews.com\/why-ryan-giggs-was-withdrawn-from-premier-league-hall-of-fame-induction\/#breadcrumb","itemListElement":[{"@type":"ListItem","position":1,"name":"Home","item":"https:\/\/bladnanews.com\/"},{"@type":"ListItem","position":2,"name":"Why Ryan Giggs was withdrawn from Premier League Hall of Fame induction"}]},{"@type":"WebSite","@id":"https:\/\/mediumseagreen-eel-531711.hostingersite.com\/#website","url":"https:\/\/mediumseagreen-eel-531711.hostingersite.com\/","name":"Bladna Nieuws - Marokko","description":"Waar Marokkaans voetbal de wereld ontmoet","publisher":{"@id":"https:\/\/mediumseagreen-eel-531711.hostingersite.com\/#organization"},"potentialAction":[{"@type":"SearchAction","target":{"@type":"EntryPoint","urlTemplate":"https:\/\/mediumseagreen-eel-531711.hostingersite.com\/?s={search_term_string}"},"query-input":{"@type":"PropertyValueSpecification","valueRequired":true,"valueName":"search_term_string"}}],"inLanguage":"nl-NL"},{"@type":"Organization","@id":"https:\/\/mediumseagreen-eel-531711.hostingersite.com\/#organization","name":"Bladna Nieuws.com","url":"https:\/\/mediumseagreen-eel-531711.hostingersite.com\/","logo":{"@type":"ImageObject","inLanguage":"nl-NL","@id":"https:\/\/mediumseagreen-eel-531711.hostingersite.com\/#\/schema\/logo\/image\/","url":"https:\/\/bladnanews.com\/wp-content\/uploads\/2025\/12\/logo-bladnanews-V2-web-black-red.png","contentUrl":"https:\/\/bladnanews.com\/wp-content\/uploads\/2025\/12\/logo-bladnanews-V2-web-black-red.png","width":703,"height":287,"caption":"Bladna News.com"},"image":{"@id":"https:\/\/mediumseagreen-eel-531711.hostingersite.com\/#\/schema\/logo\/image\/"},"email":"info@bladnanews.com","legalName":"Bladna News"},{"@type":"Person","@id":"https:\/\/mediumseagreen-eel-531711.hostingersite.com\/#\/schema\/person\/268e18a453ab080ebf76df6ef7845083","name":"Bladna Nieuwsredactie","url":"https:\/\/bladnanews.com\/nl\/author\/bladna-news-staff\/"}]}},"_links":{"self":[{"href":"https:\/\/bladnanews.com\/nl\/wp-json\/wp\/v2\/posts\/8153","targetHints":{"allow":["GET"]}}],"collection":[{"href":"https:\/\/bladnanews.com\/nl\/wp-json\/wp\/v2\/posts"}],"about":[{"href":"https:\/\/bladnanews.com\/nl\/wp-json\/wp\/v2\/types\/post"}],"author":[{"embeddable":true,"href":"https:\/\/bladnanews.com\/nl\/wp-json\/wp\/v2\/users\/3"}],"replies":[{"embeddable":true,"href":"https:\/\/bladnanews.com\/nl\/wp-json\/wp\/v2\/comments?post=8153"}],"version-history":[{"count":0,"href":"https:\/\/bladnanews.com\/nl\/wp-json\/wp\/v2\/posts\/8153\/revisions"}],"wp:featuredmedia":[{"embeddable":true,"href":"https:\/\/bladnanews.com\/nl\/wp-json\/wp\/v2\/media\/8152"}],"wp:attachment":[{"href":"https:\/\/bladnanews.com\/nl\/wp-json\/wp\/v2\/media?parent=8153"}],"wp:term":[{"taxonomy":"category","embeddable":true,"href":"https:\/\/bladnanews.com\/nl\/wp-json\/wp\/v2\/categories?post=8153"},{"taxonomy":"post_tag","embeddable":true,"href":"https:\/\/bladnanews.com\/nl\/wp-json\/wp\/v2\/tags?post=8153"}],"curies":[{"name":"wp","href":"https:\/\/api.w.org\/{rel}","templated":true}]}}