{"id":8625,"date":"2026-02-03T14:59:09","date_gmt":"2026-02-03T14:59:09","guid":{"rendered":"https:\/\/bladnanews.com\/iniesta-backs-lamine-yamal-to-become-one-of-the-greatest\/"},"modified":"2026-02-03T14:59:09","modified_gmt":"2026-02-03T14:59:09","slug":"iniesta-steunt-lamine-yamal-om-een-van-de-grootsten-te-worden","status":"publish","type":"post","link":"https:\/\/bladnanews.com\/nl\/iniesta-steunt-lamine-yamal-om-een-van-de-grootsten-te-worden\/","title":{"rendered":"Iniesta steunt Lamine Yamal om een van de grootsten te worden"},"content":{"rendered":"<p>Andres Iniesta heeft de tiener van Barcelona, Lamine Yamal, gesteund om \u201ceen van de grootsten\u201d te worden, en benadrukt dat de vleugelspeler reeds de kwaliteiten heeft getoond die nodig zijn om de top te bereiken.<\/p>\n<p>De voormalige aanvoerder van Bar\u00e7a, die zijn beste jaren op Camp Nou doorbracht en alles won met club en land, zei dat Yamals impact op zo'n jonge leeftijd een duidelijk teken is van zijn potentieel. Iniesta wees op de persoonlijkheid van de aanvaller met de bal en de manier waarop hij omgaat met de druk die komt kijken bij het spelen voor Barcelona.<\/p>\n<p>Iniesta sprak ook openlijk over zijn eigen toekomst buiten het veld en onthulde dat hij graag de coaching in wil gaan. Hij legde uit dat het trainersvak iets is waar hij serieus over nadenkt, nu hij op zoek is naar de volgende uitdaging na zijn spelerscarri\u00e8re.<\/p>\n<p>Yamal is een van de opvallendste verhalen bij Barcelona geweest, heeft zich een weg naar het eerste elftal gebaand en is snel een sleuteloptie in de aanval geworden. Iniesta gelooft dat als hij op zijn huidige pad voortgaat, hij het allerhoogste niveau kan bereiken.<\/p>\n<p>Terwijl hij de jongeling prees, benadrukte Iniesta het belang van geduld en continu\u00efteit, en merkte op dat de volgende stappen in Yamals ontwikkeling cruciaal zullen zijn. De Bar\u00e7a-legende zei dat de vleugelspeler moet blijven werken en leren, maar maakte duidelijk dat hij de ingredi\u00ebnten ziet voor een toekomstige ster.<\/p>","protected":false},"excerpt":{"rendered":"<p>Andres Iniesta has backed Barcelona teenager Lamine Yamal to become \u201cone of the greatest\u201d, insisting the winger has already shown [&hellip;]<\/p>\n","protected":false},"author":3,"featured_media":8624,"comment_status":"","ping_status":"open","sticky":false,"template":"","format":"standard","meta":{"googlesitekit_rrm_CAow_uzEDA:productID":"","site-sidebar-layout":"default","site-content-layout":"","ast-site-content-layout":"default","site-content-style":"default","site-sidebar-style":"default","ast-global-header-display":"","ast-banner-title-visibility":"","ast-main-header-display":"","ast-hfb-above-header-display":"","ast-hfb-below-header-display":"","ast-hfb-mobile-header-display":"","site-post-title":"","ast-breadcrumbs-content":"","ast-featured-img":"","footer-sml-layout":"","ast-disable-related-posts":"","theme-transparent-header-meta":"","adv-header-id-meta":"","stick-header-meta":"","header-above-stick-meta":"","header-main-stick-meta":"","header-below-stick-meta":"","astra-migrate-meta-layouts":"default","ast-page-background-enabled":"default","ast-page-background-meta":{"desktop":{"background-color":"var(--ast-global-color-5)","background-image":"","background-repeat":"repeat","background-position":"center center","background-size":"auto","background-attachment":"scroll","background-type":"","background-media":"","overlay-type":"","overlay-color":"","overlay-opacity":"","overlay-gradient":""},"tablet":{"background-color":"","background-image":"","background-repeat":"repeat","background-position":"center center","background-size":"auto","background-attachment":"scroll","background-type":"","background-media":"","overlay-type":"","overlay-color":"","overlay-opacity":"","overlay-gradient":""},"mobile":{"background-color":"","background-image":"","background-repeat":"repeat","background-position":"center center","background-size":"auto","background-attachment":"scroll","background-type":"","background-media":"","overlay-type":"","overlay-color":"","overlay-opacity":"","overlay-gradient":""}},"ast-content-background-meta":{"desktop":{"background-color":"var(--ast-global-color-4)","background-image":"","background-repeat":"repeat","background-position":"center center","background-size":"auto","background-attachment":"scroll","background-type":"","background-media":"","overlay-type":"","overlay-color":"","overlay-opacity":"","overlay-gradient":""},"tablet":{"background-color":"var(--ast-global-color-4)","background-image":"","background-repeat":"repeat","background-position":"center center","background-size":"auto","background-attachment":"scroll","background-type":"","background-media":"","overlay-type":"","overlay-color":"","overlay-opacity":"","overlay-gradient":""},"mobile":{"background-color":"var(--ast-global-color-4)","background-image":"","background-repeat":"repeat","background-position":"center center","background-size":"auto","background-attachment":"scroll","background-type":"","background-media":"","overlay-type":"","overlay-color":"","overlay-opacity":"","overlay-gradient":""}},"footnotes":""},"categories":[20,1],"tags":[],"class_list":["post-8625","post","type-post","status-publish","format-standard","has-post-thumbnail","hentry","category-international","category-football-latest-news"],"yoast_head":"<!-- This site is optimized with the Yoast SEO Premium plugin v26.6 (Yoast SEO v27.4) - https:\/\/yoast.com\/product\/yoast-seo-premium-wordpress\/ -->\n<title>Iniesta backs Lamine Yamal to become one of the greatest - Bladna News<\/title>\n<meta name=\"robots\" content=\"index, follow, max-snippet:-1, max-image-preview:large, max-video-preview:-1\" \/>\n<link rel=\"canonical\" href=\"https:\/\/bladnanews.com\/nl\/iniesta-steunt-lamine-yamal-om-een-van-de-grootsten-te-worden\/\" \/>\n<meta property=\"og:locale\" content=\"nl_NL\" \/>\n<meta property=\"og:type\" content=\"article\" \/>\n<meta property=\"og:title\" content=\"Iniesta backs Lamine Yamal to become one of the greatest\" \/>\n<meta property=\"og:description\" content=\"Andres Iniesta has backed Barcelona teenager Lamine Yamal to become \u201cone of the greatest\u201d, insisting the winger has already shown [&hellip;]\" \/>\n<meta property=\"og:url\" content=\"https:\/\/bladnanews.com\/nl\/iniesta-steunt-lamine-yamal-om-een-van-de-grootsten-te-worden\/\" \/>\n<meta property=\"og:site_name\" content=\"Bladna News\" \/>\n<meta property=\"article:published_time\" content=\"2026-02-03T14:59:09+00:00\" \/>\n<meta property=\"og:image\" content=\"https:\/\/bladnanews.com\/wp-content\/uploads\/2025\/12\/freepik__bladna-newscom-moroccan-soccer-homepage-banner-mor__41838.png\" \/>\n\t<meta property=\"og:image:width\" content=\"1312\" \/>\n\t<meta property=\"og:image:height\" content=\"736\" \/>\n\t<meta property=\"og:image:type\" content=\"image\/png\" \/>\n<meta name=\"author\" content=\"Bladna News Staff\" \/>\n<meta name=\"twitter:card\" content=\"summary_large_image\" \/>\n<meta name=\"twitter:label1\" content=\"Geschreven door\" \/>\n\t<meta name=\"twitter:data1\" content=\"Bladna News Staff\" \/>\n\t<meta name=\"twitter:label2\" content=\"Geschatte leestijd\" \/>\n\t<meta name=\"twitter:data2\" content=\"1 minuut\" \/>\n<script type=\"application\/ld+json\" class=\"yoast-schema-graph\">{\"@context\":\"https:\\\/\\\/schema.org\",\"@graph\":[{\"@type\":\"Article\",\"@id\":\"https:\\\/\\\/bladnanews.com\\\/iniesta-backs-lamine-yamal-to-become-one-of-the-greatest\\\/#article\",\"isPartOf\":{\"@id\":\"https:\\\/\\\/bladnanews.com\\\/iniesta-backs-lamine-yamal-to-become-one-of-the-greatest\\\/\"},\"author\":{\"name\":\"Bladna News Staff\",\"@id\":\"https:\\\/\\\/mediumseagreen-eel-531711.hostingersite.com\\\/#\\\/schema\\\/person\\\/268e18a453ab080ebf76df6ef7845083\"},\"headline\":\"Iniesta backs Lamine Yamal to become one of the greatest\",\"datePublished\":\"2026-02-03T14:59:09+00:00\",\"mainEntityOfPage\":{\"@id\":\"https:\\\/\\\/bladnanews.com\\\/iniesta-backs-lamine-yamal-to-become-one-of-the-greatest\\\/\"},\"wordCount\":227,\"publisher\":{\"@id\":\"https:\\\/\\\/mediumseagreen-eel-531711.hostingersite.com\\\/#organization\"},\"image\":{\"@id\":\"https:\\\/\\\/bladnanews.com\\\/iniesta-backs-lamine-yamal-to-become-one-of-the-greatest\\\/#primaryimage\"},\"thumbnailUrl\":\"https:\\\/\\\/bladnanews.com\\\/wp-content\\\/uploads\\\/2026\\\/02\\\/BladnaNews-Iniesta-backs-Lamine-Yamal-to-become-one-of-the-greatest-2026-02-04T011532.798Z-scaled.jpg\",\"articleSection\":[\"International\",\"Latest News\"],\"inLanguage\":\"nl-NL\",\"copyrightYear\":\"2026\",\"copyrightHolder\":{\"@id\":\"https:\\\/\\\/bladnanews.com\\\/nl\\\/#organization\"}},{\"@type\":\"WebPage\",\"@id\":\"https:\\\/\\\/bladnanews.com\\\/iniesta-backs-lamine-yamal-to-become-one-of-the-greatest\\\/\",\"url\":\"https:\\\/\\\/bladnanews.com\\\/iniesta-backs-lamine-yamal-to-become-one-of-the-greatest\\\/\",\"name\":\"Iniesta backs Lamine Yamal to become one of the greatest - Bladna News\",\"isPartOf\":{\"@id\":\"https:\\\/\\\/mediumseagreen-eel-531711.hostingersite.com\\\/#website\"},\"primaryImageOfPage\":{\"@id\":\"https:\\\/\\\/bladnanews.com\\\/iniesta-backs-lamine-yamal-to-become-one-of-the-greatest\\\/#primaryimage\"},\"image\":{\"@id\":\"https:\\\/\\\/bladnanews.com\\\/iniesta-backs-lamine-yamal-to-become-one-of-the-greatest\\\/#primaryimage\"},\"thumbnailUrl\":\"https:\\\/\\\/bladnanews.com\\\/wp-content\\\/uploads\\\/2026\\\/02\\\/BladnaNews-Iniesta-backs-Lamine-Yamal-to-become-one-of-the-greatest-2026-02-04T011532.798Z-scaled.jpg\",\"datePublished\":\"2026-02-03T14:59:09+00:00\",\"breadcrumb\":{\"@id\":\"https:\\\/\\\/bladnanews.com\\\/iniesta-backs-lamine-yamal-to-become-one-of-the-greatest\\\/#breadcrumb\"},\"inLanguage\":\"nl-NL\",\"potentialAction\":[{\"@type\":\"ReadAction\",\"target\":[\"https:\\\/\\\/bladnanews.com\\\/iniesta-backs-lamine-yamal-to-become-one-of-the-greatest\\\/\"]}]},{\"@type\":\"ImageObject\",\"inLanguage\":\"nl-NL\",\"@id\":\"https:\\\/\\\/bladnanews.com\\\/iniesta-backs-lamine-yamal-to-become-one-of-the-greatest\\\/#primaryimage\",\"url\":\"https:\\\/\\\/bladnanews.com\\\/wp-content\\\/uploads\\\/2026\\\/02\\\/BladnaNews-Iniesta-backs-Lamine-Yamal-to-become-one-of-the-greatest-2026-02-04T011532.798Z-scaled.jpg\",\"contentUrl\":\"https:\\\/\\\/bladnanews.com\\\/wp-content\\\/uploads\\\/2026\\\/02\\\/BladnaNews-Iniesta-backs-Lamine-Yamal-to-become-one-of-the-greatest-2026-02-04T011532.798Z-scaled.jpg\",\"width\":2560,\"height\":1440,\"caption\":\"Lamine Yamal in FC Barcelona's iconic blue and maroon striped kit, focused and poised, ready for the match.\"},{\"@type\":\"BreadcrumbList\",\"@id\":\"https:\\\/\\\/bladnanews.com\\\/iniesta-backs-lamine-yamal-to-become-one-of-the-greatest\\\/#breadcrumb\",\"itemListElement\":[{\"@type\":\"ListItem\",\"position\":1,\"name\":\"Home\",\"item\":\"https:\\\/\\\/bladnanews.com\\\/\"},{\"@type\":\"ListItem\",\"position\":2,\"name\":\"Iniesta backs Lamine Yamal to become one of the greatest\"}]},{\"@type\":\"WebSite\",\"@id\":\"https:\\\/\\\/mediumseagreen-eel-531711.hostingersite.com\\\/#website\",\"url\":\"https:\\\/\\\/mediumseagreen-eel-531711.hostingersite.com\\\/\",\"name\":\"Bladna News - Morocco\",\"description\":\"Where Moroccan Football Meets the World\",\"publisher\":{\"@id\":\"https:\\\/\\\/mediumseagreen-eel-531711.hostingersite.com\\\/#organization\"},\"potentialAction\":[{\"@type\":\"SearchAction\",\"target\":{\"@type\":\"EntryPoint\",\"urlTemplate\":\"https:\\\/\\\/mediumseagreen-eel-531711.hostingersite.com\\\/?s={search_term_string}\"},\"query-input\":{\"@type\":\"PropertyValueSpecification\",\"valueRequired\":true,\"valueName\":\"search_term_string\"}}],\"inLanguage\":\"nl-NL\"},{\"@type\":\"Organization\",\"@id\":\"https:\\\/\\\/mediumseagreen-eel-531711.hostingersite.com\\\/#organization\",\"name\":\"Bladna News.com\",\"url\":\"https:\\\/\\\/mediumseagreen-eel-531711.hostingersite.com\\\/\",\"logo\":{\"@type\":\"ImageObject\",\"inLanguage\":\"nl-NL\",\"@id\":\"https:\\\/\\\/mediumseagreen-eel-531711.hostingersite.com\\\/#\\\/schema\\\/logo\\\/image\\\/\",\"url\":\"https:\\\/\\\/bladnanews.com\\\/wp-content\\\/uploads\\\/2025\\\/12\\\/logo-bladnanews-V2-web-black-red.png\",\"contentUrl\":\"https:\\\/\\\/bladnanews.com\\\/wp-content\\\/uploads\\\/2025\\\/12\\\/logo-bladnanews-V2-web-black-red.png\",\"width\":703,\"height\":287,\"caption\":\"Bladna News.com\"},\"image\":{\"@id\":\"https:\\\/\\\/mediumseagreen-eel-531711.hostingersite.com\\\/#\\\/schema\\\/logo\\\/image\\\/\"},\"email\":\"info@bladnanews.com\",\"legalName\":\"Bladna News\"},{\"@type\":\"Person\",\"@id\":\"https:\\\/\\\/mediumseagreen-eel-531711.hostingersite.com\\\/#\\\/schema\\\/person\\\/268e18a453ab080ebf76df6ef7845083\",\"name\":\"Bladna News Staff\",\"url\":\"https:\\\/\\\/bladnanews.com\\\/nl\\\/author\\\/bladna-news-staff\\\/\"}]}<\/script>\n<!-- \/ Yoast SEO Premium plugin. -->","yoast_head_json":{"title":"Iniesta steunt Lamine Yamal om een van de grootsten te worden - Bladna News","robots":{"index":"index","follow":"follow","max-snippet":"max-snippet:-1","max-image-preview":"max-image-preview:large","max-video-preview":"max-video-preview:-1"},"canonical":"https:\/\/bladnanews.com\/nl\/iniesta-steunt-lamine-yamal-om-een-van-de-grootsten-te-worden\/","og_locale":"nl_NL","og_type":"article","og_title":"Iniesta backs Lamine Yamal to become one of the greatest","og_description":"Andres Iniesta has backed Barcelona teenager Lamine Yamal to become \u201cone of the greatest\u201d, insisting the winger has already shown [&hellip;]","og_url":"https:\/\/bladnanews.com\/nl\/iniesta-steunt-lamine-yamal-om-een-van-de-grootsten-te-worden\/","og_site_name":"Bladna News","article_published_time":"2026-02-03T14:59:09+00:00","og_image":[{"width":1312,"height":736,"url":"https:\/\/bladnanews.com\/wp-content\/uploads\/2025\/12\/freepik__bladna-newscom-moroccan-soccer-homepage-banner-mor__41838.png","type":"image\/png"}],"author":"Bladna News Staff","twitter_card":"summary_large_image","twitter_misc":{"Geschreven door":"Bladna News Staff","Geschatte leestijd":"1 minuut"},"schema":{"@context":"https:\/\/schema.org","@graph":[{"@type":"Article","@id":"https:\/\/bladnanews.com\/iniesta-backs-lamine-yamal-to-become-one-of-the-greatest\/#article","isPartOf":{"@id":"https:\/\/bladnanews.com\/iniesta-backs-lamine-yamal-to-become-one-of-the-greatest\/"},"author":{"name":"Bladna News Staff","@id":"https:\/\/mediumseagreen-eel-531711.hostingersite.com\/#\/schema\/person\/268e18a453ab080ebf76df6ef7845083"},"headline":"Iniesta backs Lamine Yamal to become one of the greatest","datePublished":"2026-02-03T14:59:09+00:00","mainEntityOfPage":{"@id":"https:\/\/bladnanews.com\/iniesta-backs-lamine-yamal-to-become-one-of-the-greatest\/"},"wordCount":227,"publisher":{"@id":"https:\/\/mediumseagreen-eel-531711.hostingersite.com\/#organization"},"image":{"@id":"https:\/\/bladnanews.com\/iniesta-backs-lamine-yamal-to-become-one-of-the-greatest\/#primaryimage"},"thumbnailUrl":"https:\/\/bladnanews.com\/wp-content\/uploads\/2026\/02\/BladnaNews-Iniesta-backs-Lamine-Yamal-to-become-one-of-the-greatest-2026-02-04T011532.798Z-scaled.jpg","articleSection":["International","Latest News"],"inLanguage":"nl-NL","copyrightYear":"2026","copyrightHolder":{"@id":"https:\/\/bladnanews.com\/nl\/#organization"}},{"@type":"WebPage","@id":"https:\/\/bladnanews.com\/iniesta-backs-lamine-yamal-to-become-one-of-the-greatest\/","url":"https:\/\/bladnanews.com\/iniesta-backs-lamine-yamal-to-become-one-of-the-greatest\/","name":"Iniesta steunt Lamine Yamal om een van de grootsten te worden - Bladna News","isPartOf":{"@id":"https:\/\/mediumseagreen-eel-531711.hostingersite.com\/#website"},"primaryImageOfPage":{"@id":"https:\/\/bladnanews.com\/iniesta-backs-lamine-yamal-to-become-one-of-the-greatest\/#primaryimage"},"image":{"@id":"https:\/\/bladnanews.com\/iniesta-backs-lamine-yamal-to-become-one-of-the-greatest\/#primaryimage"},"thumbnailUrl":"https:\/\/bladnanews.com\/wp-content\/uploads\/2026\/02\/BladnaNews-Iniesta-backs-Lamine-Yamal-to-become-one-of-the-greatest-2026-02-04T011532.798Z-scaled.jpg","datePublished":"2026-02-03T14:59:09+00:00","breadcrumb":{"@id":"https:\/\/bladnanews.com\/iniesta-backs-lamine-yamal-to-become-one-of-the-greatest\/#breadcrumb"},"inLanguage":"nl-NL","potentialAction":[{"@type":"ReadAction","target":["https:\/\/bladnanews.com\/iniesta-backs-lamine-yamal-to-become-one-of-the-greatest\/"]}]},{"@type":"ImageObject","inLanguage":"nl-NL","@id":"https:\/\/bladnanews.com\/iniesta-backs-lamine-yamal-to-become-one-of-the-greatest\/#primaryimage","url":"https:\/\/bladnanews.com\/wp-content\/uploads\/2026\/02\/BladnaNews-Iniesta-backs-Lamine-Yamal-to-become-one-of-the-greatest-2026-02-04T011532.798Z-scaled.jpg","contentUrl":"https:\/\/bladnanews.com\/wp-content\/uploads\/2026\/02\/BladnaNews-Iniesta-backs-Lamine-Yamal-to-become-one-of-the-greatest-2026-02-04T011532.798Z-scaled.jpg","width":2560,"height":1440,"caption":"Lamine Yamal in FC Barcelona's iconic blue and maroon striped kit, focused and poised, ready for the match."},{"@type":"BreadcrumbList","@id":"https:\/\/bladnanews.com\/iniesta-backs-lamine-yamal-to-become-one-of-the-greatest\/#breadcrumb","itemListElement":[{"@type":"ListItem","position":1,"name":"Home","item":"https:\/\/bladnanews.com\/"},{"@type":"ListItem","position":2,"name":"Iniesta backs Lamine Yamal to become one of the greatest"}]},{"@type":"WebSite","@id":"https:\/\/mediumseagreen-eel-531711.hostingersite.com\/#website","url":"https:\/\/mediumseagreen-eel-531711.hostingersite.com\/","name":"Bladna Nieuws - Marokko","description":"Waar Marokkaans voetbal de wereld ontmoet","publisher":{"@id":"https:\/\/mediumseagreen-eel-531711.hostingersite.com\/#organization"},"potentialAction":[{"@type":"SearchAction","target":{"@type":"EntryPoint","urlTemplate":"https:\/\/mediumseagreen-eel-531711.hostingersite.com\/?s={search_term_string}"},"query-input":{"@type":"PropertyValueSpecification","valueRequired":true,"valueName":"search_term_string"}}],"inLanguage":"nl-NL"},{"@type":"Organization","@id":"https:\/\/mediumseagreen-eel-531711.hostingersite.com\/#organization","name":"Bladna Nieuws.com","url":"https:\/\/mediumseagreen-eel-531711.hostingersite.com\/","logo":{"@type":"ImageObject","inLanguage":"nl-NL","@id":"https:\/\/mediumseagreen-eel-531711.hostingersite.com\/#\/schema\/logo\/image\/","url":"https:\/\/bladnanews.com\/wp-content\/uploads\/2025\/12\/logo-bladnanews-V2-web-black-red.png","contentUrl":"https:\/\/bladnanews.com\/wp-content\/uploads\/2025\/12\/logo-bladnanews-V2-web-black-red.png","width":703,"height":287,"caption":"Bladna News.com"},"image":{"@id":"https:\/\/mediumseagreen-eel-531711.hostingersite.com\/#\/schema\/logo\/image\/"},"email":"info@bladnanews.com","legalName":"Bladna News"},{"@type":"Person","@id":"https:\/\/mediumseagreen-eel-531711.hostingersite.com\/#\/schema\/person\/268e18a453ab080ebf76df6ef7845083","name":"Bladna Nieuwsredactie","url":"https:\/\/bladnanews.com\/nl\/author\/bladna-news-staff\/"}]}},"_links":{"self":[{"href":"https:\/\/bladnanews.com\/nl\/wp-json\/wp\/v2\/posts\/8625","targetHints":{"allow":["GET"]}}],"collection":[{"href":"https:\/\/bladnanews.com\/nl\/wp-json\/wp\/v2\/posts"}],"about":[{"href":"https:\/\/bladnanews.com\/nl\/wp-json\/wp\/v2\/types\/post"}],"author":[{"embeddable":true,"href":"https:\/\/bladnanews.com\/nl\/wp-json\/wp\/v2\/users\/3"}],"replies":[{"embeddable":true,"href":"https:\/\/bladnanews.com\/nl\/wp-json\/wp\/v2\/comments?post=8625"}],"version-history":[{"count":0,"href":"https:\/\/bladnanews.com\/nl\/wp-json\/wp\/v2\/posts\/8625\/revisions"}],"wp:featuredmedia":[{"embeddable":true,"href":"https:\/\/bladnanews.com\/nl\/wp-json\/wp\/v2\/media\/8624"}],"wp:attachment":[{"href":"https:\/\/bladnanews.com\/nl\/wp-json\/wp\/v2\/media?parent=8625"}],"wp:term":[{"taxonomy":"category","embeddable":true,"href":"https:\/\/bladnanews.com\/nl\/wp-json\/wp\/v2\/categories?post=8625"},{"taxonomy":"post_tag","embeddable":true,"href":"https:\/\/bladnanews.com\/nl\/wp-json\/wp\/v2\/tags?post=8625"}],"curies":[{"name":"wp","href":"https:\/\/api.w.org\/{rel}","templated":true}]}}