{"id":888,"date":"2025-12-31T09:33:57","date_gmt":"2025-12-31T09:33:57","guid":{"rendered":"https:\/\/bladnanews.com\/why-didnt-diaz-get-called-up-by-spain-after-morocco-success\/"},"modified":"2025-12-31T09:33:57","modified_gmt":"2025-12-31T09:33:57","slug":"waarom-werd-diaz-niet-opgeroepen-door-spanje-na-het-succes-van-marokko","status":"publish","type":"post","link":"https:\/\/bladnanews.com\/nl\/waarom-werd-diaz-niet-opgeroepen-door-spanje-na-het-succes-van-marokko\/","title":{"rendered":"Waarom werd D\u00edaz niet opgeroepen door Spanje na het succes in Marokko?"},"content":{"rendered":"<article>\n<p>Na zijn opmerkelijke prestaties met Marokko heeft de afwezigheid van Youssef D\u00edaz in de recente selecties van het Spaanse elftal tot veel discussie geleid onder voetballiefhebbers en analisten. Ondanks dat hij zijn talenten heeft laten zien op een internationaal podium en een belangrijke bijdrage heeft geleverd aan de recente successen van Marokko, wordt D\u00edaz nog steeds over het hoofd gezien door het management van de Spaanse nationale ploeg.<\/p>\n<p>Youssef D\u00edaz heeft een boeiende reis achter de rug, gekenmerkt door sterke prestaties op zowel club- als internationaal niveau. Zijn behendigheid, tactisch inzicht en doelpuntvermogen zijn velen opgevallen, vooral na de indrukwekkende prestaties van Marokko in regionale en continentale competities. Toch is de verwachte oproep voor de Spaanse selectie er nooit gekomen, wat vragen oproept over de factoren achter deze omissie.<\/p>\n<p>Een van de belangrijkste redenen hiervoor is de overvloed aan talent binnen de positie van D\u00edaz. Het nationale team heeft een competitief team van vleugelspelers en aanvallende middenvelders, wat resulteert in felle rivaliteit voor beperkte plekken. Gezien dit landschap kan de coachingstaf de voorkeur hebben gegeven aan spelers met bewezen ervaring of spelers die passen bij specifieke tactische opstellingen, waardoor opkomende talenten zoals D\u00edaz aan de zijlijn bleven staan.<\/p>\n<p>Bovendien bemoeilijkt de keuze van D\u00edaz om Marokko internationaal te vertegenwoordigen zijn geschiktheidsstatus als het gaat om toekomstige betrokkenheid bij Spanje. De FIFA-reglementen bepalen dat als een speler eenmaal deelneemt aan wedstrijden voor \u00e9\u00e9n nationaal team op seniorenniveau, het veranderen van loyaliteit zeer beperkt wordt. Omdat D\u00edaz al een prominente rol heeft gespeeld voor Marokko, is hij in feite niet meer beschikbaar voor Spanje, wat zijn afwezigheid bij Spaanse oproepen verklaart.<\/p>\n<p>Dit scenario benadrukt de genuanceerde uitdagingen waar spelers met een dubbele nationaliteit vaak mee te maken krijgen. Hoewel D\u00edaz van Spaanse afkomst is en deel heeft uitgemaakt van de Spaanse jeugdopleiding, onderstreept zijn beslissing om zich aan Marokko te binden hoe de werving van nationale teams en de loyaliteit van spelers elkaar vaak overlappen en internationale carri\u00e8res be\u00efnvloeden.<\/p>\n<p>Vanuit het perspectief van Spanje lijkt de beslissing in lijn te zijn met hun strategische kader dat gericht is op het koesteren van talent binnen een specifieke pijplijn, terwijl er ge\u00efnvesteerd wordt in spelers die zich volledig inzetten voor de nationale zaak. Ondertussen heeft de Marokkaanse voetbalbond enorm geprofiteerd van de komst van een speler van het kaliber van D\u00edaz, wiens flair en creativiteit hebben geholpen om hun competitieve status te verhogen.<\/p>\n<p>Vooruitkijkend dient deze casus als een herinnering aan het evoluerende mondiale voetballandschap waar nationale identiteiten zich vermengen met de ontwikkelingstrajecten van spelers. Het voorbeeld van D\u00edaz illustreert de complexiteit achter de selectiedynamiek en de persoonlijke keuzes die spelers maken bij het balanceren tussen erfgoed, kansen en professionele ambitie.<\/p>\n<p>Voor de Marokkaanse ploeg is het behouden van D\u00edaz een belangrijke coup, die de diepte en kwaliteit van het team vergroot terwijl ze voortbouwen op recente successen. Voor Spanje benadrukt de situatie hun dichte talentenpool, maar ook het risico om getalenteerde individuen te missen te midden van de moordende concurrentie en toelatingsbeperkingen.<\/p>\n<p>Uiteindelijk is het carri\u00e8repad van Youssef D\u00edaz emblematisch voor de bredere thema's in het moderne internationale voetbal: het samenspel van talent, nationaliteit en kansen. Hoewel hij misschien niet meer in de toekomst zal spelen in Spanje, zal zijn impact in Marokko alleen maar toenemen. Hij zal de aandacht trekken van clubs en fans over de hele wereld die staan te popelen om getuige te zijn van het volgende hoofdstuk in zijn veelbelovende carri\u00e8re.<\/p>\n<\/article>","protected":false},"excerpt":{"rendered":"<p>Following his remarkable performances with Morocco, the absence of Youssef D\u00edaz from Spain&#8217;s recent squad selections has sparked considerable debate [&hellip;]<\/p>\n","protected":false},"author":4,"featured_media":887,"comment_status":"","ping_status":"open","sticky":false,"template":"","format":"standard","meta":{"googlesitekit_rrm_CAow_uzEDA:productID":"","site-sidebar-layout":"default","site-content-layout":"","ast-site-content-layout":"default","site-content-style":"default","site-sidebar-style":"default","ast-global-header-display":"","ast-banner-title-visibility":"","ast-main-header-display":"","ast-hfb-above-header-display":"","ast-hfb-below-header-display":"","ast-hfb-mobile-header-display":"","site-post-title":"","ast-breadcrumbs-content":"","ast-featured-img":"","footer-sml-layout":"","ast-disable-related-posts":"","theme-transparent-header-meta":"","adv-header-id-meta":"","stick-header-meta":"","header-above-stick-meta":"","header-main-stick-meta":"","header-below-stick-meta":"","astra-migrate-meta-layouts":"default","ast-page-background-enabled":"default","ast-page-background-meta":{"desktop":{"background-color":"var(--ast-global-color-5)","background-image":"","background-repeat":"repeat","background-position":"center center","background-size":"auto","background-attachment":"scroll","background-type":"","background-media":"","overlay-type":"","overlay-color":"","overlay-opacity":"","overlay-gradient":""},"tablet":{"background-color":"","background-image":"","background-repeat":"repeat","background-position":"center center","background-size":"auto","background-attachment":"scroll","background-type":"","background-media":"","overlay-type":"","overlay-color":"","overlay-opacity":"","overlay-gradient":""},"mobile":{"background-color":"","background-image":"","background-repeat":"repeat","background-position":"center center","background-size":"auto","background-attachment":"scroll","background-type":"","background-media":"","overlay-type":"","overlay-color":"","overlay-opacity":"","overlay-gradient":""}},"ast-content-background-meta":{"desktop":{"background-color":"var(--ast-global-color-4)","background-image":"","background-repeat":"repeat","background-position":"center center","background-size":"auto","background-attachment":"scroll","background-type":"","background-media":"","overlay-type":"","overlay-color":"","overlay-opacity":"","overlay-gradient":""},"tablet":{"background-color":"var(--ast-global-color-4)","background-image":"","background-repeat":"repeat","background-position":"center center","background-size":"auto","background-attachment":"scroll","background-type":"","background-media":"","overlay-type":"","overlay-color":"","overlay-opacity":"","overlay-gradient":""},"mobile":{"background-color":"var(--ast-global-color-4)","background-image":"","background-repeat":"repeat","background-position":"center center","background-size":"auto","background-attachment":"scroll","background-type":"","background-media":"","overlay-type":"","overlay-color":"","overlay-opacity":"","overlay-gradient":""}},"footnotes":""},"categories":[1,168],"tags":[],"class_list":["post-888","post","type-post","status-publish","format-standard","has-post-thumbnail","hentry","category-football-latest-news","category-morocco-national-team"],"yoast_head":"<!-- This site is optimized with the Yoast SEO Premium plugin v26.6 (Yoast SEO v27.5) - https:\/\/yoast.com\/product\/yoast-seo-premium-wordpress\/ -->\n<title>Why Didn&#039;t D\u00edaz Get Called Up by Spain After Morocco Success? - Bladna News<\/title>\n<meta name=\"robots\" content=\"index, follow, max-snippet:-1, max-image-preview:large, max-video-preview:-1\" \/>\n<link rel=\"canonical\" href=\"https:\/\/mediumseagreen-eel-531711.hostingersite.com\/why-didnt-diaz-get-called-up-by-spain-after-morocco-success\/\" \/>\n<meta property=\"og:locale\" content=\"nl_NL\" \/>\n<meta property=\"og:type\" content=\"article\" \/>\n<meta property=\"og:title\" content=\"Why Didn&#039;t D\u00edaz Get Called Up by Spain After Morocco Success?\" \/>\n<meta property=\"og:description\" content=\"Following his remarkable performances with Morocco, the absence of Youssef D\u00edaz from Spain&#8217;s recent squad selections has sparked considerable debate [&hellip;]\" \/>\n<meta property=\"og:url\" content=\"https:\/\/mediumseagreen-eel-531711.hostingersite.com\/why-didnt-diaz-get-called-up-by-spain-after-morocco-success\/\" \/>\n<meta property=\"og:site_name\" content=\"Bladna News\" \/>\n<meta property=\"article:published_time\" content=\"2025-12-31T09:33:57+00:00\" \/>\n<meta property=\"og:image\" content=\"https:\/\/mediumseagreen-eel-531711.hostingersite.com\/wp-content\/uploads\/2025\/12\/GettyImages-2249462240.jpg.jpgWhy-Didnt-Diaz-Get-Called-Up-by-Spain-After-Morocco-Success-2025-12-31T165801.967Z.jpg\" \/>\n\t<meta property=\"og:image:width\" content=\"2560\" \/>\n\t<meta property=\"og:image:height\" content=\"1440\" \/>\n\t<meta property=\"og:image:type\" content=\"image\/jpeg\" \/>\n<meta name=\"author\" content=\"Bladna Sports Desk\" \/>\n<meta name=\"twitter:card\" content=\"summary_large_image\" \/>\n<meta name=\"twitter:label1\" content=\"Geschreven door\" \/>\n\t<meta name=\"twitter:data1\" content=\"Bladna Sports Desk\" \/>\n\t<meta name=\"twitter:label2\" content=\"Geschatte leestijd\" \/>\n\t<meta name=\"twitter:data2\" content=\"2 minuten\" \/>\n<script type=\"application\/ld+json\" class=\"yoast-schema-graph\">{\"@context\":\"https:\\\/\\\/schema.org\",\"@graph\":[{\"@type\":\"Article\",\"@id\":\"https:\\\/\\\/mediumseagreen-eel-531711.hostingersite.com\\\/why-didnt-diaz-get-called-up-by-spain-after-morocco-success\\\/#article\",\"isPartOf\":{\"@id\":\"https:\\\/\\\/mediumseagreen-eel-531711.hostingersite.com\\\/why-didnt-diaz-get-called-up-by-spain-after-morocco-success\\\/\"},\"author\":{\"name\":\"Bladna Sports Desk\",\"@id\":\"https:\\\/\\\/mediumseagreen-eel-531711.hostingersite.com\\\/#\\\/schema\\\/person\\\/6712b38fabe810f7eb8d15ed30d90f1e\"},\"headline\":\"Why Didn&#8217;t D\u00edaz Get Called Up by Spain After Morocco Success?\",\"datePublished\":\"2025-12-31T09:33:57+00:00\",\"mainEntityOfPage\":{\"@id\":\"https:\\\/\\\/mediumseagreen-eel-531711.hostingersite.com\\\/why-didnt-diaz-get-called-up-by-spain-after-morocco-success\\\/\"},\"wordCount\":516,\"publisher\":{\"@id\":\"https:\\\/\\\/mediumseagreen-eel-531711.hostingersite.com\\\/#organization\"},\"image\":{\"@id\":\"https:\\\/\\\/mediumseagreen-eel-531711.hostingersite.com\\\/why-didnt-diaz-get-called-up-by-spain-after-morocco-success\\\/#primaryimage\"},\"thumbnailUrl\":\"https:\\\/\\\/bladnanews.com\\\/wp-content\\\/uploads\\\/2025\\\/12\\\/GettyImages-2249462240.jpg.jpgWhy-Didnt-Diaz-Get-Called-Up-by-Spain-After-Morocco-Success-2025-12-31T165801.967Z.jpg\",\"articleSection\":[\"Latest News\",\"Morocco National Team\"],\"inLanguage\":\"nl-NL\",\"copyrightYear\":\"2025\",\"copyrightHolder\":{\"@id\":\"https:\\\/\\\/bladnanews.com\\\/nl\\\/#organization\"}},{\"@type\":\"WebPage\",\"@id\":\"https:\\\/\\\/mediumseagreen-eel-531711.hostingersite.com\\\/why-didnt-diaz-get-called-up-by-spain-after-morocco-success\\\/\",\"url\":\"https:\\\/\\\/mediumseagreen-eel-531711.hostingersite.com\\\/why-didnt-diaz-get-called-up-by-spain-after-morocco-success\\\/\",\"name\":\"Why Didn't D\u00edaz Get Called Up by Spain After Morocco Success? - Bladna News\",\"isPartOf\":{\"@id\":\"https:\\\/\\\/mediumseagreen-eel-531711.hostingersite.com\\\/#website\"},\"primaryImageOfPage\":{\"@id\":\"https:\\\/\\\/mediumseagreen-eel-531711.hostingersite.com\\\/why-didnt-diaz-get-called-up-by-spain-after-morocco-success\\\/#primaryimage\"},\"image\":{\"@id\":\"https:\\\/\\\/mediumseagreen-eel-531711.hostingersite.com\\\/why-didnt-diaz-get-called-up-by-spain-after-morocco-success\\\/#primaryimage\"},\"thumbnailUrl\":\"https:\\\/\\\/bladnanews.com\\\/wp-content\\\/uploads\\\/2025\\\/12\\\/GettyImages-2249462240.jpg.jpgWhy-Didnt-Diaz-Get-Called-Up-by-Spain-After-Morocco-Success-2025-12-31T165801.967Z.jpg\",\"datePublished\":\"2025-12-31T09:33:57+00:00\",\"breadcrumb\":{\"@id\":\"https:\\\/\\\/mediumseagreen-eel-531711.hostingersite.com\\\/why-didnt-diaz-get-called-up-by-spain-after-morocco-success\\\/#breadcrumb\"},\"inLanguage\":\"nl-NL\",\"potentialAction\":[{\"@type\":\"ReadAction\",\"target\":[\"https:\\\/\\\/mediumseagreen-eel-531711.hostingersite.com\\\/why-didnt-diaz-get-called-up-by-spain-after-morocco-success\\\/\"]}]},{\"@type\":\"ImageObject\",\"inLanguage\":\"nl-NL\",\"@id\":\"https:\\\/\\\/mediumseagreen-eel-531711.hostingersite.com\\\/why-didnt-diaz-get-called-up-by-spain-after-morocco-success\\\/#primaryimage\",\"url\":\"https:\\\/\\\/bladnanews.com\\\/wp-content\\\/uploads\\\/2025\\\/12\\\/GettyImages-2249462240.jpg.jpgWhy-Didnt-Diaz-Get-Called-Up-by-Spain-After-Morocco-Success-2025-12-31T165801.967Z.jpg\",\"contentUrl\":\"https:\\\/\\\/bladnanews.com\\\/wp-content\\\/uploads\\\/2025\\\/12\\\/GettyImages-2249462240.jpg.jpgWhy-Didnt-Diaz-Get-Called-Up-by-Spain-After-Morocco-Success-2025-12-31T165801.967Z.jpg\",\"width\":2560,\"height\":1440},{\"@type\":\"BreadcrumbList\",\"@id\":\"https:\\\/\\\/mediumseagreen-eel-531711.hostingersite.com\\\/why-didnt-diaz-get-called-up-by-spain-after-morocco-success\\\/#breadcrumb\",\"itemListElement\":[{\"@type\":\"ListItem\",\"position\":1,\"name\":\"Home\",\"item\":\"https:\\\/\\\/bladnanews.com\\\/\"},{\"@type\":\"ListItem\",\"position\":2,\"name\":\"Why Didn&#8217;t D\u00edaz Get Called Up by Spain After Morocco Success?\"}]},{\"@type\":\"WebSite\",\"@id\":\"https:\\\/\\\/mediumseagreen-eel-531711.hostingersite.com\\\/#website\",\"url\":\"https:\\\/\\\/mediumseagreen-eel-531711.hostingersite.com\\\/\",\"name\":\"Bladna News - Morocco\",\"description\":\"Where Moroccan Football Meets the World\",\"publisher\":{\"@id\":\"https:\\\/\\\/mediumseagreen-eel-531711.hostingersite.com\\\/#organization\"},\"potentialAction\":[{\"@type\":\"SearchAction\",\"target\":{\"@type\":\"EntryPoint\",\"urlTemplate\":\"https:\\\/\\\/mediumseagreen-eel-531711.hostingersite.com\\\/?s={search_term_string}\"},\"query-input\":{\"@type\":\"PropertyValueSpecification\",\"valueRequired\":true,\"valueName\":\"search_term_string\"}}],\"inLanguage\":\"nl-NL\"},{\"@type\":\"Organization\",\"@id\":\"https:\\\/\\\/mediumseagreen-eel-531711.hostingersite.com\\\/#organization\",\"name\":\"Bladna News.com\",\"url\":\"https:\\\/\\\/mediumseagreen-eel-531711.hostingersite.com\\\/\",\"logo\":{\"@type\":\"ImageObject\",\"inLanguage\":\"nl-NL\",\"@id\":\"https:\\\/\\\/mediumseagreen-eel-531711.hostingersite.com\\\/#\\\/schema\\\/logo\\\/image\\\/\",\"url\":\"https:\\\/\\\/bladnanews.com\\\/wp-content\\\/uploads\\\/2025\\\/12\\\/logo-bladnanews-V2-web-black-red.png\",\"contentUrl\":\"https:\\\/\\\/bladnanews.com\\\/wp-content\\\/uploads\\\/2025\\\/12\\\/logo-bladnanews-V2-web-black-red.png\",\"width\":703,\"height\":287,\"caption\":\"Bladna News.com\"},\"image\":{\"@id\":\"https:\\\/\\\/mediumseagreen-eel-531711.hostingersite.com\\\/#\\\/schema\\\/logo\\\/image\\\/\"},\"email\":\"info@bladnanews.com\",\"legalName\":\"Bladna News\"},{\"@type\":\"Person\",\"@id\":\"https:\\\/\\\/mediumseagreen-eel-531711.hostingersite.com\\\/#\\\/schema\\\/person\\\/6712b38fabe810f7eb8d15ed30d90f1e\",\"name\":\"Bladna Sports Desk\",\"url\":\"https:\\\/\\\/bladnanews.com\\\/nl\\\/author\\\/bladna-sports-desk\\\/\"}]}<\/script>\n<!-- \/ Yoast SEO Premium plugin. -->","yoast_head_json":{"title":"Waarom werd D\u00edaz niet opgeroepen door Spanje na Marokko-succes? - Bladna Nieuws","robots":{"index":"index","follow":"follow","max-snippet":"max-snippet:-1","max-image-preview":"max-image-preview:large","max-video-preview":"max-video-preview:-1"},"canonical":"https:\/\/mediumseagreen-eel-531711.hostingersite.com\/why-didnt-diaz-get-called-up-by-spain-after-morocco-success\/","og_locale":"nl_NL","og_type":"article","og_title":"Why Didn't D\u00edaz Get Called Up by Spain After Morocco Success?","og_description":"Following his remarkable performances with Morocco, the absence of Youssef D\u00edaz from Spain&#8217;s recent squad selections has sparked considerable debate [&hellip;]","og_url":"https:\/\/mediumseagreen-eel-531711.hostingersite.com\/why-didnt-diaz-get-called-up-by-spain-after-morocco-success\/","og_site_name":"Bladna News","article_published_time":"2025-12-31T09:33:57+00:00","og_image":[{"width":2560,"height":1440,"url":"https:\/\/mediumseagreen-eel-531711.hostingersite.com\/wp-content\/uploads\/2025\/12\/GettyImages-2249462240.jpg.jpgWhy-Didnt-Diaz-Get-Called-Up-by-Spain-After-Morocco-Success-2025-12-31T165801.967Z.jpg","type":"image\/jpeg"}],"author":"Bladna Sports Desk","twitter_card":"summary_large_image","twitter_misc":{"Geschreven door":"Bladna Sports Desk","Geschatte leestijd":"2 minuten"},"schema":{"@context":"https:\/\/schema.org","@graph":[{"@type":"Article","@id":"https:\/\/mediumseagreen-eel-531711.hostingersite.com\/why-didnt-diaz-get-called-up-by-spain-after-morocco-success\/#article","isPartOf":{"@id":"https:\/\/mediumseagreen-eel-531711.hostingersite.com\/why-didnt-diaz-get-called-up-by-spain-after-morocco-success\/"},"author":{"name":"Bladna Sports Desk","@id":"https:\/\/mediumseagreen-eel-531711.hostingersite.com\/#\/schema\/person\/6712b38fabe810f7eb8d15ed30d90f1e"},"headline":"Why Didn&#8217;t D\u00edaz Get Called Up by Spain After Morocco Success?","datePublished":"2025-12-31T09:33:57+00:00","mainEntityOfPage":{"@id":"https:\/\/mediumseagreen-eel-531711.hostingersite.com\/why-didnt-diaz-get-called-up-by-spain-after-morocco-success\/"},"wordCount":516,"publisher":{"@id":"https:\/\/mediumseagreen-eel-531711.hostingersite.com\/#organization"},"image":{"@id":"https:\/\/mediumseagreen-eel-531711.hostingersite.com\/why-didnt-diaz-get-called-up-by-spain-after-morocco-success\/#primaryimage"},"thumbnailUrl":"https:\/\/bladnanews.com\/wp-content\/uploads\/2025\/12\/GettyImages-2249462240.jpg.jpgWhy-Didnt-Diaz-Get-Called-Up-by-Spain-After-Morocco-Success-2025-12-31T165801.967Z.jpg","articleSection":["Latest News","Morocco National Team"],"inLanguage":"nl-NL","copyrightYear":"2025","copyrightHolder":{"@id":"https:\/\/bladnanews.com\/nl\/#organization"}},{"@type":"WebPage","@id":"https:\/\/mediumseagreen-eel-531711.hostingersite.com\/why-didnt-diaz-get-called-up-by-spain-after-morocco-success\/","url":"https:\/\/mediumseagreen-eel-531711.hostingersite.com\/why-didnt-diaz-get-called-up-by-spain-after-morocco-success\/","name":"Waarom werd D\u00edaz niet opgeroepen door Spanje na Marokko-succes? - Bladna Nieuws","isPartOf":{"@id":"https:\/\/mediumseagreen-eel-531711.hostingersite.com\/#website"},"primaryImageOfPage":{"@id":"https:\/\/mediumseagreen-eel-531711.hostingersite.com\/why-didnt-diaz-get-called-up-by-spain-after-morocco-success\/#primaryimage"},"image":{"@id":"https:\/\/mediumseagreen-eel-531711.hostingersite.com\/why-didnt-diaz-get-called-up-by-spain-after-morocco-success\/#primaryimage"},"thumbnailUrl":"https:\/\/bladnanews.com\/wp-content\/uploads\/2025\/12\/GettyImages-2249462240.jpg.jpgWhy-Didnt-Diaz-Get-Called-Up-by-Spain-After-Morocco-Success-2025-12-31T165801.967Z.jpg","datePublished":"2025-12-31T09:33:57+00:00","breadcrumb":{"@id":"https:\/\/mediumseagreen-eel-531711.hostingersite.com\/why-didnt-diaz-get-called-up-by-spain-after-morocco-success\/#breadcrumb"},"inLanguage":"nl-NL","potentialAction":[{"@type":"ReadAction","target":["https:\/\/mediumseagreen-eel-531711.hostingersite.com\/why-didnt-diaz-get-called-up-by-spain-after-morocco-success\/"]}]},{"@type":"ImageObject","inLanguage":"nl-NL","@id":"https:\/\/mediumseagreen-eel-531711.hostingersite.com\/why-didnt-diaz-get-called-up-by-spain-after-morocco-success\/#primaryimage","url":"https:\/\/bladnanews.com\/wp-content\/uploads\/2025\/12\/GettyImages-2249462240.jpg.jpgWhy-Didnt-Diaz-Get-Called-Up-by-Spain-After-Morocco-Success-2025-12-31T165801.967Z.jpg","contentUrl":"https:\/\/bladnanews.com\/wp-content\/uploads\/2025\/12\/GettyImages-2249462240.jpg.jpgWhy-Didnt-Diaz-Get-Called-Up-by-Spain-After-Morocco-Success-2025-12-31T165801.967Z.jpg","width":2560,"height":1440},{"@type":"BreadcrumbList","@id":"https:\/\/mediumseagreen-eel-531711.hostingersite.com\/why-didnt-diaz-get-called-up-by-spain-after-morocco-success\/#breadcrumb","itemListElement":[{"@type":"ListItem","position":1,"name":"Home","item":"https:\/\/bladnanews.com\/"},{"@type":"ListItem","position":2,"name":"Why Didn&#8217;t D\u00edaz Get Called Up by Spain After Morocco Success?"}]},{"@type":"WebSite","@id":"https:\/\/mediumseagreen-eel-531711.hostingersite.com\/#website","url":"https:\/\/mediumseagreen-eel-531711.hostingersite.com\/","name":"Bladna Nieuws - Marokko","description":"Waar Marokkaans voetbal de wereld ontmoet","publisher":{"@id":"https:\/\/mediumseagreen-eel-531711.hostingersite.com\/#organization"},"potentialAction":[{"@type":"SearchAction","target":{"@type":"EntryPoint","urlTemplate":"https:\/\/mediumseagreen-eel-531711.hostingersite.com\/?s={search_term_string}"},"query-input":{"@type":"PropertyValueSpecification","valueRequired":true,"valueName":"search_term_string"}}],"inLanguage":"nl-NL"},{"@type":"Organization","@id":"https:\/\/mediumseagreen-eel-531711.hostingersite.com\/#organization","name":"Bladna Nieuws.com","url":"https:\/\/mediumseagreen-eel-531711.hostingersite.com\/","logo":{"@type":"ImageObject","inLanguage":"nl-NL","@id":"https:\/\/mediumseagreen-eel-531711.hostingersite.com\/#\/schema\/logo\/image\/","url":"https:\/\/bladnanews.com\/wp-content\/uploads\/2025\/12\/logo-bladnanews-V2-web-black-red.png","contentUrl":"https:\/\/bladnanews.com\/wp-content\/uploads\/2025\/12\/logo-bladnanews-V2-web-black-red.png","width":703,"height":287,"caption":"Bladna News.com"},"image":{"@id":"https:\/\/mediumseagreen-eel-531711.hostingersite.com\/#\/schema\/logo\/image\/"},"email":"info@bladnanews.com","legalName":"Bladna News"},{"@type":"Person","@id":"https:\/\/mediumseagreen-eel-531711.hostingersite.com\/#\/schema\/person\/6712b38fabe810f7eb8d15ed30d90f1e","name":"Bladna Sportredactie","url":"https:\/\/bladnanews.com\/nl\/author\/bladna-sports-desk\/"}]}},"_links":{"self":[{"href":"https:\/\/bladnanews.com\/nl\/wp-json\/wp\/v2\/posts\/888","targetHints":{"allow":["GET"]}}],"collection":[{"href":"https:\/\/bladnanews.com\/nl\/wp-json\/wp\/v2\/posts"}],"about":[{"href":"https:\/\/bladnanews.com\/nl\/wp-json\/wp\/v2\/types\/post"}],"author":[{"embeddable":true,"href":"https:\/\/bladnanews.com\/nl\/wp-json\/wp\/v2\/users\/4"}],"replies":[{"embeddable":true,"href":"https:\/\/bladnanews.com\/nl\/wp-json\/wp\/v2\/comments?post=888"}],"version-history":[{"count":0,"href":"https:\/\/bladnanews.com\/nl\/wp-json\/wp\/v2\/posts\/888\/revisions"}],"wp:featuredmedia":[{"embeddable":true,"href":"https:\/\/bladnanews.com\/nl\/wp-json\/wp\/v2\/media\/887"}],"wp:attachment":[{"href":"https:\/\/bladnanews.com\/nl\/wp-json\/wp\/v2\/media?parent=888"}],"wp:term":[{"taxonomy":"category","embeddable":true,"href":"https:\/\/bladnanews.com\/nl\/wp-json\/wp\/v2\/categories?post=888"},{"taxonomy":"post_tag","embeddable":true,"href":"https:\/\/bladnanews.com\/nl\/wp-json\/wp\/v2\/tags?post=888"}],"curies":[{"name":"wp","href":"https:\/\/api.w.org\/{rel}","templated":true}]}}